{"id":11472,"date":"2019-12-19T15:26:01","date_gmt":"2019-12-19T15:26:01","guid":{"rendered":"http:\/\/www.ppdelugo.com\/?p=11472"},"modified":"2019-12-19T12:28:15","modified_gmt":"2019-12-19T12:28:15","slug":"o-pp-esixe-a-santos-arroxo-e-penas-a-limpeza-inmediata-dos-sumidoiros-e-un-plan-de-actuacion-para-evitar-inundacions","status":"publish","type":"post","link":"https:\/\/www.ppdelugo.com\/es\/o-pp-esixe-a-santos-arroxo-e-penas-a-limpeza-inmediata-dos-sumidoiros-e-un-plan-de-actuacion-para-evitar-inundacions\/","title":{"rendered":"El PP exige a Santos, Arrojo y Penas a limpieza inmediata de las alcantarillas y un plan de actuaci\u00f3n para evitar inundaciones"},"content":{"rendered":"<p>El concejal del Grupo Municipal del PP Antonio Ameijide afirma que cu\u00e1ndo hay trombas de agua, como la de ayer, muchos de las alcantarillas de la ciudad son insuficientes para evacuar el agua ya que muchos est\u00e1n tupidos con tierra y basura por lo que se forman grandes acumulaciones de agua que dificultan la circulaci\u00f3n e incluso hay riesgo de entrada en propiedades privadas<\/p>\n<p><!--more--><\/p>\n<p>O concelleiro do Grupo Municipal do Partido Popular no Concello de Lugo, Antonio Ameijide, esixe ao bigoberno o dese\u00f1o e posta en marcha dun plan de actuaci\u00f3n para evitar as constantes inundaci\u00f3ns que se producen sempre nos mesmos puntos da cidade cando se dan fortes treboadas.<\/p>\n<p>Antonio Ameijide explica que este plan de actuaci\u00f3n deber\u00eda basearse en tres li\u00f1as de actuaci\u00f3n:<\/p>\n<p>&#8211;\tAvaliar se \u00e9 necesario modificar dese\u00f1os nas r\u00faas onde son frecuentes as inundaci\u00f3ns<br \/>\n&#8211;\tEstudar a implantaci\u00f3n de medidas de drenaxe, m\u00e1is eficaces, das augas pluviais<br \/>\n&#8211;\tRealizar un mantemento peri\u00f3dico, m\u00e1is exhaustivo, dos sumidoiros<\/p>\n<p>Unha das claves para que este plan funcione \u00e9, precisamente, o mantemento dos sumidoiros. O concelleiro popular recorda como cada ano dende o Grupo Municipal Popular se pide a limpeza dos sumidoiros da cidade xa que \u201cna maior\u00eda dos casos a pouco que chove\u201d vemos como sempre os mesmos sumidoiros se inundan e non evac\u00faan a auga, polo que en casos de temporais como o destes d\u00edas os sumidoiros non tragan toda a auga que cae polo que \u201csempre se inundan as mesmas zonas e sempre hai os mesmos problema\u201d. \u201cTendo en conta que podemos consultar a previsi\u00f3n do tempo hai que establecer unha rutina para que os sumidoiros destas localizaci\u00f3ns estean perfectamente limpos durante todo o ano, e a maiores unha revisi\u00f3n dos puntos m\u00e1is conflitivos cando hai previsi\u00f3n de treboadas ou das trombas de auga para evitar situaci\u00f3ns como a de onte\u201d, sinalou.<\/p>\n<p>Entre os puntos nos que ser\u00eda preciso actuar se atopan a Rolda das Fonti\u00f1as, a Avenida Duquesa de Lugo (\u00e1 altura do MIHL e entre as pontes de Paradai); o enlace de Alfonso X coa N-VI, Ferm\u00edn Rivera (\u00e1 altura da igrexa), o Pol\u00edgono de O Ceao (na rotonda que hai fronte a Leite R\u00edo), nas Arieiras (urbanizaci\u00f3n Louzaneta), a Avenida de Magoi, a Ponte Branca ou na Campi\u00f1a (na rotonda que hai entre a Rolda Norte e a Avenida Adolfo Su\u00e1rez).<\/p>\n<p>Co obxecto de solucionar esta situaci\u00f3n o concelleiro popular anuncia que se presentar\u00e1 un rogo en comisi\u00f3n para que se proceda \u00e1 limpeza inmediata da rede de sumidoiros de Lugo e, se \u00e9 posible, se estude se \u00e9 preciso o redese\u00f1o e a colocaci\u00f3n de m\u00e1is sumidoiros nas zonas da cidade nas que adoitan suceder inundaci\u00f3ns.<\/p>\n<p>Ademais, Antonio Ameijide recorda que o bigoberno segue a incumprir un acordo plenario de xu\u00f1o de 2017 para a elaboraci\u00f3n dun plan de actuaci\u00f3ns na rede de drenaxe para evitar inundaci\u00f3ns en Lugo, acordo que se tomou a iniciativa do Grupo Municipal Popular e que contou cos votos a favor de PSOE e BNG. Unha situaci\u00f3n que tam\u00e9n v\u00e9n propiciada pola inacci\u00f3n de \u00c1lvaro Santos, xa que se o concelleiro de medio ambiente \u201cse puxera a traballar\u201d e sacase a licitaci\u00f3n o contrato do ciclo da auga a rede de sumidoiros de Lugo estar\u00eda en mellor estado xa que haber\u00eda unha empresa encargada da s\u00faa limpeza peri\u00f3dica.<\/p>\n","protected":false},"excerpt":{"rendered":"<p>El concejal del Grupo Municipal del PP Antonio Ameijide afirma que cu\u00e1ndo hay trombas de agua, como la de ayer, muchos de las alcantarillas de la ciudad son insuficientes para&#8230;<\/p>\n","protected":false},"author":8,"featured_media":11470,"comment_status":"open","ping_status":"closed","sticky":false,"template":"","format":"standard","meta":{"footnotes":""},"categories":[34,36,42],"tags":[],"class_list":{"0":"post-11472","1":"post","2":"type-post","3":"status-publish","4":"format-standard","5":"has-post-thumbnail","7":"category-obras-es","8":"category-seguridad","9":"category-urbanismo-es"},"yoast_head":"<!-- This site is optimized with the Yoast SEO plugin v27.4 - https:\/\/yoast.com\/product\/yoast-seo-wordpress\/ -->\n<title>El PP exige a Santos, Arrojo y Penas a limpieza inmediata de las alcantarillas y un plan de actuaci\u00f3n para evitar inundaciones - Grupo Municipal Partido Popular de Lugo<\/title>\n<meta name=\"robots\" content=\"index, follow, max-snippet:-1, max-image-preview:large, max-video-preview:-1\" \/>\n<link rel=\"canonical\" href=\"https:\/\/www.ppdelugo.com\/es\/o-pp-esixe-a-santos-arroxo-e-penas-a-limpeza-inmediata-dos-sumidoiros-e-un-plan-de-actuacion-para-evitar-inundacions\/\" \/>\n<meta property=\"og:locale\" content=\"es_ES\" \/>\n<meta property=\"og:type\" content=\"article\" \/>\n<meta property=\"og:title\" content=\"El PP exige a Santos, Arrojo y Penas a limpieza inmediata de las alcantarillas y un plan de actuaci\u00f3n para evitar inundaciones - Grupo Municipal Partido Popular de Lugo\" \/>\n<meta property=\"og:description\" content=\"El concejal del Grupo Municipal del PP Antonio Ameijide afirma que cu\u00e1ndo hay trombas de agua, como la de ayer, muchos de las alcantarillas de la ciudad son insuficientes para...\" \/>\n<meta property=\"og:url\" content=\"https:\/\/www.ppdelugo.com\/es\/o-pp-esixe-a-santos-arroxo-e-penas-a-limpeza-inmediata-dos-sumidoiros-e-un-plan-de-actuacion-para-evitar-inundacions\/\" \/>\n<meta property=\"og:site_name\" content=\"Grupo Municipal Partido Popular de Lugo\" \/>\n<meta property=\"article:published_time\" content=\"2019-12-19T15:26:01+00:00\" \/>\n<meta property=\"og:image\" content=\"https:\/\/www.ppdelugo.com\/wp-content\/uploads\/2019\/12\/Avenida-Magoi.jpg\" \/>\n\t<meta property=\"og:image:width\" content=\"1024\" \/>\n\t<meta property=\"og:image:height\" content=\"768\" \/>\n\t<meta property=\"og:image:type\" content=\"image\/jpeg\" \/>\n<meta name=\"author\" content=\"ppdelugo\" \/>\n<meta name=\"twitter:card\" content=\"summary_large_image\" \/>\n<meta name=\"twitter:label1\" content=\"Escrito por\" \/>\n\t<meta name=\"twitter:data1\" content=\"ppdelugo\" \/>\n\t<meta name=\"twitter:label2\" content=\"Tiempo de lectura\" \/>\n\t<meta name=\"twitter:data2\" content=\"3 minutos\" \/>\n<script type=\"application\/ld+json\" class=\"yoast-schema-graph\">{\"@context\":\"https:\\\/\\\/schema.org\",\"@graph\":[{\"@type\":\"Article\",\"@id\":\"https:\\\/\\\/www.ppdelugo.com\\\/es\\\/o-pp-esixe-a-santos-arroxo-e-penas-a-limpeza-inmediata-dos-sumidoiros-e-un-plan-de-actuacion-para-evitar-inundacions\\\/#article\",\"isPartOf\":{\"@id\":\"https:\\\/\\\/www.ppdelugo.com\\\/es\\\/o-pp-esixe-a-santos-arroxo-e-penas-a-limpeza-inmediata-dos-sumidoiros-e-un-plan-de-actuacion-para-evitar-inundacions\\\/\"},\"author\":{\"name\":\"ppdelugo\",\"@id\":\"https:\\\/\\\/www.ppdelugo.com\\\/es\\\/#\\\/schema\\\/person\\\/4fa17dd371813e2c389a4417775cec48\"},\"headline\":\"El PP exige a Santos, Arrojo y Penas a limpieza inmediata de las alcantarillas y un plan de actuaci\u00f3n para evitar inundaciones\",\"datePublished\":\"2019-12-19T15:26:01+00:00\",\"mainEntityOfPage\":{\"@id\":\"https:\\\/\\\/www.ppdelugo.com\\\/es\\\/o-pp-esixe-a-santos-arroxo-e-penas-a-limpeza-inmediata-dos-sumidoiros-e-un-plan-de-actuacion-para-evitar-inundacions\\\/\"},\"wordCount\":619,\"commentCount\":0,\"image\":{\"@id\":\"https:\\\/\\\/www.ppdelugo.com\\\/es\\\/o-pp-esixe-a-santos-arroxo-e-penas-a-limpeza-inmediata-dos-sumidoiros-e-un-plan-de-actuacion-para-evitar-inundacions\\\/#primaryimage\"},\"thumbnailUrl\":\"https:\\\/\\\/www.ppdelugo.com\\\/wp-content\\\/uploads\\\/2019\\\/12\\\/Avenida-Magoi.jpg\",\"articleSection\":[\"Obras\",\"Seguridad\",\"Urbanismo\"],\"inLanguage\":\"es\",\"potentialAction\":[{\"@type\":\"CommentAction\",\"name\":\"Comment\",\"target\":[\"https:\\\/\\\/www.ppdelugo.com\\\/es\\\/o-pp-esixe-a-santos-arroxo-e-penas-a-limpeza-inmediata-dos-sumidoiros-e-un-plan-de-actuacion-para-evitar-inundacions\\\/#respond\"]}]},{\"@type\":\"WebPage\",\"@id\":\"https:\\\/\\\/www.ppdelugo.com\\\/es\\\/o-pp-esixe-a-santos-arroxo-e-penas-a-limpeza-inmediata-dos-sumidoiros-e-un-plan-de-actuacion-para-evitar-inundacions\\\/\",\"url\":\"https:\\\/\\\/www.ppdelugo.com\\\/es\\\/o-pp-esixe-a-santos-arroxo-e-penas-a-limpeza-inmediata-dos-sumidoiros-e-un-plan-de-actuacion-para-evitar-inundacions\\\/\",\"name\":\"El PP exige a Santos, Arrojo y Penas a limpieza inmediata de las alcantarillas y un plan de actuaci\u00f3n para evitar inundaciones - Grupo Municipal Partido Popular de Lugo\",\"isPartOf\":{\"@id\":\"https:\\\/\\\/www.ppdelugo.com\\\/es\\\/#website\"},\"primaryImageOfPage\":{\"@id\":\"https:\\\/\\\/www.ppdelugo.com\\\/es\\\/o-pp-esixe-a-santos-arroxo-e-penas-a-limpeza-inmediata-dos-sumidoiros-e-un-plan-de-actuacion-para-evitar-inundacions\\\/#primaryimage\"},\"image\":{\"@id\":\"https:\\\/\\\/www.ppdelugo.com\\\/es\\\/o-pp-esixe-a-santos-arroxo-e-penas-a-limpeza-inmediata-dos-sumidoiros-e-un-plan-de-actuacion-para-evitar-inundacions\\\/#primaryimage\"},\"thumbnailUrl\":\"https:\\\/\\\/www.ppdelugo.com\\\/wp-content\\\/uploads\\\/2019\\\/12\\\/Avenida-Magoi.jpg\",\"datePublished\":\"2019-12-19T15:26:01+00:00\",\"author\":{\"@id\":\"https:\\\/\\\/www.ppdelugo.com\\\/es\\\/#\\\/schema\\\/person\\\/4fa17dd371813e2c389a4417775cec48\"},\"breadcrumb\":{\"@id\":\"https:\\\/\\\/www.ppdelugo.com\\\/es\\\/o-pp-esixe-a-santos-arroxo-e-penas-a-limpeza-inmediata-dos-sumidoiros-e-un-plan-de-actuacion-para-evitar-inundacions\\\/#breadcrumb\"},\"inLanguage\":\"es\",\"potentialAction\":[{\"@type\":\"ReadAction\",\"target\":[\"https:\\\/\\\/www.ppdelugo.com\\\/es\\\/o-pp-esixe-a-santos-arroxo-e-penas-a-limpeza-inmediata-dos-sumidoiros-e-un-plan-de-actuacion-para-evitar-inundacions\\\/\"]}]},{\"@type\":\"ImageObject\",\"inLanguage\":\"es\",\"@id\":\"https:\\\/\\\/www.ppdelugo.com\\\/es\\\/o-pp-esixe-a-santos-arroxo-e-penas-a-limpeza-inmediata-dos-sumidoiros-e-un-plan-de-actuacion-para-evitar-inundacions\\\/#primaryimage\",\"url\":\"https:\\\/\\\/www.ppdelugo.com\\\/wp-content\\\/uploads\\\/2019\\\/12\\\/Avenida-Magoi.jpg\",\"contentUrl\":\"https:\\\/\\\/www.ppdelugo.com\\\/wp-content\\\/uploads\\\/2019\\\/12\\\/Avenida-Magoi.jpg\",\"width\":1024,\"height\":768},{\"@type\":\"BreadcrumbList\",\"@id\":\"https:\\\/\\\/www.ppdelugo.com\\\/es\\\/o-pp-esixe-a-santos-arroxo-e-penas-a-limpeza-inmediata-dos-sumidoiros-e-un-plan-de-actuacion-para-evitar-inundacions\\\/#breadcrumb\",\"itemListElement\":[{\"@type\":\"ListItem\",\"position\":1,\"name\":\"Portada\",\"item\":\"https:\\\/\\\/www.ppdelugo.com\\\/es\\\/\"},{\"@type\":\"ListItem\",\"position\":2,\"name\":\"El PP exige a Santos, Arrojo y Penas a limpieza inmediata de las alcantarillas y un plan de actuaci\u00f3n para evitar inundaciones\"}]},{\"@type\":\"WebSite\",\"@id\":\"https:\\\/\\\/www.ppdelugo.com\\\/es\\\/#website\",\"url\":\"https:\\\/\\\/www.ppdelugo.com\\\/es\\\/\",\"name\":\"Grupo Municipal Partido Popular de Lugo\",\"description\":\"Web del Grupo Municipal del Partido Popular en el Ayuntamiento de Lugo, con informaci\u00f3n sobre Lugo y fomento de la participaci\u00f3n ciudadana\",\"potentialAction\":[{\"@type\":\"SearchAction\",\"target\":{\"@type\":\"EntryPoint\",\"urlTemplate\":\"https:\\\/\\\/www.ppdelugo.com\\\/es\\\/?s={search_term_string}\"},\"query-input\":{\"@type\":\"PropertyValueSpecification\",\"valueRequired\":true,\"valueName\":\"search_term_string\"}}],\"inLanguage\":\"es\"},{\"@type\":\"Person\",\"@id\":\"https:\\\/\\\/www.ppdelugo.com\\\/es\\\/#\\\/schema\\\/person\\\/4fa17dd371813e2c389a4417775cec48\",\"name\":\"ppdelugo\",\"url\":\"https:\\\/\\\/www.ppdelugo.com\\\/es\\\/author\\\/admin-2\\\/\"}]}<\/script>\n<!-- \/ Yoast SEO plugin. -->","yoast_head_json":{"title":"El PP exige a Santos, Arrojo y Penas a limpieza inmediata de las alcantarillas y un plan de actuaci\u00f3n para evitar inundaciones - Grupo Municipal Partido Popular de Lugo","robots":{"index":"index","follow":"follow","max-snippet":"max-snippet:-1","max-image-preview":"max-image-preview:large","max-video-preview":"max-video-preview:-1"},"canonical":"https:\/\/www.ppdelugo.com\/es\/o-pp-esixe-a-santos-arroxo-e-penas-a-limpeza-inmediata-dos-sumidoiros-e-un-plan-de-actuacion-para-evitar-inundacions\/","og_locale":"es_ES","og_type":"article","og_title":"El PP exige a Santos, Arrojo y Penas a limpieza inmediata de las alcantarillas y un plan de actuaci\u00f3n para evitar inundaciones - Grupo Municipal Partido Popular de Lugo","og_description":"El concejal del Grupo Municipal del PP Antonio Ameijide afirma que cu\u00e1ndo hay trombas de agua, como la de ayer, muchos de las alcantarillas de la ciudad son insuficientes para...","og_url":"https:\/\/www.ppdelugo.com\/es\/o-pp-esixe-a-santos-arroxo-e-penas-a-limpeza-inmediata-dos-sumidoiros-e-un-plan-de-actuacion-para-evitar-inundacions\/","og_site_name":"Grupo Municipal Partido Popular de Lugo","article_published_time":"2019-12-19T15:26:01+00:00","og_image":[{"width":1024,"height":768,"url":"https:\/\/www.ppdelugo.com\/wp-content\/uploads\/2019\/12\/Avenida-Magoi.jpg","type":"image\/jpeg"}],"author":"ppdelugo","twitter_card":"summary_large_image","twitter_misc":{"Escrito por":"ppdelugo","Tiempo de lectura":"3 minutos"},"schema":{"@context":"https:\/\/schema.org","@graph":[{"@type":"Article","@id":"https:\/\/www.ppdelugo.com\/es\/o-pp-esixe-a-santos-arroxo-e-penas-a-limpeza-inmediata-dos-sumidoiros-e-un-plan-de-actuacion-para-evitar-inundacions\/#article","isPartOf":{"@id":"https:\/\/www.ppdelugo.com\/es\/o-pp-esixe-a-santos-arroxo-e-penas-a-limpeza-inmediata-dos-sumidoiros-e-un-plan-de-actuacion-para-evitar-inundacions\/"},"author":{"name":"ppdelugo","@id":"https:\/\/www.ppdelugo.com\/es\/#\/schema\/person\/4fa17dd371813e2c389a4417775cec48"},"headline":"El PP exige a Santos, Arrojo y Penas a limpieza inmediata de las alcantarillas y un plan de actuaci\u00f3n para evitar inundaciones","datePublished":"2019-12-19T15:26:01+00:00","mainEntityOfPage":{"@id":"https:\/\/www.ppdelugo.com\/es\/o-pp-esixe-a-santos-arroxo-e-penas-a-limpeza-inmediata-dos-sumidoiros-e-un-plan-de-actuacion-para-evitar-inundacions\/"},"wordCount":619,"commentCount":0,"image":{"@id":"https:\/\/www.ppdelugo.com\/es\/o-pp-esixe-a-santos-arroxo-e-penas-a-limpeza-inmediata-dos-sumidoiros-e-un-plan-de-actuacion-para-evitar-inundacions\/#primaryimage"},"thumbnailUrl":"https:\/\/www.ppdelugo.com\/wp-content\/uploads\/2019\/12\/Avenida-Magoi.jpg","articleSection":["Obras","Seguridad","Urbanismo"],"inLanguage":"es","potentialAction":[{"@type":"CommentAction","name":"Comment","target":["https:\/\/www.ppdelugo.com\/es\/o-pp-esixe-a-santos-arroxo-e-penas-a-limpeza-inmediata-dos-sumidoiros-e-un-plan-de-actuacion-para-evitar-inundacions\/#respond"]}]},{"@type":"WebPage","@id":"https:\/\/www.ppdelugo.com\/es\/o-pp-esixe-a-santos-arroxo-e-penas-a-limpeza-inmediata-dos-sumidoiros-e-un-plan-de-actuacion-para-evitar-inundacions\/","url":"https:\/\/www.ppdelugo.com\/es\/o-pp-esixe-a-santos-arroxo-e-penas-a-limpeza-inmediata-dos-sumidoiros-e-un-plan-de-actuacion-para-evitar-inundacions\/","name":"El PP exige a Santos, Arrojo y Penas a limpieza inmediata de las alcantarillas y un plan de actuaci\u00f3n para evitar inundaciones - Grupo Municipal Partido Popular de Lugo","isPartOf":{"@id":"https:\/\/www.ppdelugo.com\/es\/#website"},"primaryImageOfPage":{"@id":"https:\/\/www.ppdelugo.com\/es\/o-pp-esixe-a-santos-arroxo-e-penas-a-limpeza-inmediata-dos-sumidoiros-e-un-plan-de-actuacion-para-evitar-inundacions\/#primaryimage"},"image":{"@id":"https:\/\/www.ppdelugo.com\/es\/o-pp-esixe-a-santos-arroxo-e-penas-a-limpeza-inmediata-dos-sumidoiros-e-un-plan-de-actuacion-para-evitar-inundacions\/#primaryimage"},"thumbnailUrl":"https:\/\/www.ppdelugo.com\/wp-content\/uploads\/2019\/12\/Avenida-Magoi.jpg","datePublished":"2019-12-19T15:26:01+00:00","author":{"@id":"https:\/\/www.ppdelugo.com\/es\/#\/schema\/person\/4fa17dd371813e2c389a4417775cec48"},"breadcrumb":{"@id":"https:\/\/www.ppdelugo.com\/es\/o-pp-esixe-a-santos-arroxo-e-penas-a-limpeza-inmediata-dos-sumidoiros-e-un-plan-de-actuacion-para-evitar-inundacions\/#breadcrumb"},"inLanguage":"es","potentialAction":[{"@type":"ReadAction","target":["https:\/\/www.ppdelugo.com\/es\/o-pp-esixe-a-santos-arroxo-e-penas-a-limpeza-inmediata-dos-sumidoiros-e-un-plan-de-actuacion-para-evitar-inundacions\/"]}]},{"@type":"ImageObject","inLanguage":"es","@id":"https:\/\/www.ppdelugo.com\/es\/o-pp-esixe-a-santos-arroxo-e-penas-a-limpeza-inmediata-dos-sumidoiros-e-un-plan-de-actuacion-para-evitar-inundacions\/#primaryimage","url":"https:\/\/www.ppdelugo.com\/wp-content\/uploads\/2019\/12\/Avenida-Magoi.jpg","contentUrl":"https:\/\/www.ppdelugo.com\/wp-content\/uploads\/2019\/12\/Avenida-Magoi.jpg","width":1024,"height":768},{"@type":"BreadcrumbList","@id":"https:\/\/www.ppdelugo.com\/es\/o-pp-esixe-a-santos-arroxo-e-penas-a-limpeza-inmediata-dos-sumidoiros-e-un-plan-de-actuacion-para-evitar-inundacions\/#breadcrumb","itemListElement":[{"@type":"ListItem","position":1,"name":"Portada","item":"https:\/\/www.ppdelugo.com\/es\/"},{"@type":"ListItem","position":2,"name":"El PP exige a Santos, Arrojo y Penas a limpieza inmediata de las alcantarillas y un plan de actuaci\u00f3n para evitar inundaciones"}]},{"@type":"WebSite","@id":"https:\/\/www.ppdelugo.com\/es\/#website","url":"https:\/\/www.ppdelugo.com\/es\/","name":"Grupo Municipal Partido Popular de Lugo","description":"Web del Grupo Municipal del Partido Popular en el Ayuntamiento de Lugo, con informaci\u00f3n sobre Lugo y fomento de la participaci\u00f3n ciudadana","potentialAction":[{"@type":"SearchAction","target":{"@type":"EntryPoint","urlTemplate":"https:\/\/www.ppdelugo.com\/es\/?s={search_term_string}"},"query-input":{"@type":"PropertyValueSpecification","valueRequired":true,"valueName":"search_term_string"}}],"inLanguage":"es"},{"@type":"Person","@id":"https:\/\/www.ppdelugo.com\/es\/#\/schema\/person\/4fa17dd371813e2c389a4417775cec48","name":"ppdelugo","url":"https:\/\/www.ppdelugo.com\/es\/author\/admin-2\/"}]}},"_links":{"self":[{"href":"https:\/\/www.ppdelugo.com\/es\/wp-json\/wp\/v2\/posts\/11472","targetHints":{"allow":["GET"]}}],"collection":[{"href":"https:\/\/www.ppdelugo.com\/es\/wp-json\/wp\/v2\/posts"}],"about":[{"href":"https:\/\/www.ppdelugo.com\/es\/wp-json\/wp\/v2\/types\/post"}],"author":[{"embeddable":true,"href":"https:\/\/www.ppdelugo.com\/es\/wp-json\/wp\/v2\/users\/8"}],"replies":[{"embeddable":true,"href":"https:\/\/www.ppdelugo.com\/es\/wp-json\/wp\/v2\/comments?post=11472"}],"version-history":[{"count":0,"href":"https:\/\/www.ppdelugo.com\/es\/wp-json\/wp\/v2\/posts\/11472\/revisions"}],"wp:featuredmedia":[{"embeddable":true,"href":"https:\/\/www.ppdelugo.com\/es\/wp-json\/wp\/v2\/media\/11470"}],"wp:attachment":[{"href":"https:\/\/www.ppdelugo.com\/es\/wp-json\/wp\/v2\/media?parent=11472"}],"wp:term":[{"taxonomy":"category","embeddable":true,"href":"https:\/\/www.ppdelugo.com\/es\/wp-json\/wp\/v2\/categories?post=11472"},{"taxonomy":"post_tag","embeddable":true,"href":"https:\/\/www.ppdelugo.com\/es\/wp-json\/wp\/v2\/tags?post=11472"}],"curies":[{"name":"wp","href":"https:\/\/api.w.org\/{rel}","templated":true}]}}