{"id":11463,"date":"2019-12-19T12:23:44","date_gmt":"2019-12-19T12:23:44","guid":{"rendered":"http:\/\/www.ppdelugo.com\/o-pp-reclama-un-convenio-de-colaboracion-para-intermodal-similar-ao-asinado-pola-xunta-e-fomento-no-resto-das-cidades-galegas\/"},"modified":"2019-12-19T12:25:00","modified_gmt":"2019-12-19T12:25:00","slug":"o-pp-reclama-un-convenio-de-colaboracion-para-intermodal-similar-ao-asinado-pola-xunta-e-fomento-no-resto-das-cidades-galegas","status":"publish","type":"post","link":"https:\/\/www.ppdelugo.com\/es\/o-pp-reclama-un-convenio-de-colaboracion-para-intermodal-similar-ao-asinado-pola-xunta-e-fomento-no-resto-das-cidades-galegas\/","title":{"rendered":"El PP reclama  un convenio de colaboraci\u00f3n para intermodal similar al firmado por la Xunta y Fomento en el resto de las ciudades gallegas"},"content":{"rendered":"<p>El portavoz popular Ram\u00f3n Carballo asegura que Lugo \u201cni puede ni debe ser diferente a Vigo, Santiago, Ourense \u201d que ya est\u00e1n ejecutando sus estaciones intermodales por lo que llevar\u00e1n a pleno una iniciativa para que la corporaci\u00f3n presione para que se materialicen lo antes posible los compromisos adquiridos\u201d<\/p>\n<p><!--more--><\/p>\n<p>O Grupo Popular presenta unha iniciativa a pleno para  demandar que o Ministerio de Fomento constr\u00faa e financie a estaci\u00f3n intermodal que o Ministro socialista \u00c1balos presentou en Lugo en marzo de 2019. Ram\u00f3n Carballo aclara que \u201cestamos falando dunha terminal ferroviaria reformada e dotada cun aparcadoiro subterr\u00e1neo que cubra as s\u00faas necesidades\u201d. <\/p>\n<p>Os populares manifestan que \u201co aparcadoiro subterr\u00e1neo \u00e9 unha necesidade da terminal ferroviaria comprometida polo Ministerio de Fomento. De feito o propio estudo funcional elaborado por Adif reco\u00f1ece que a futura estaci\u00f3n necesita un aparcadoiro subterr\u00e1neo de 300 prazas para atender as necesidades ferroviarias\u201d.<br \/>\nO voceiro popular pretende, con esta iniciativa, que \u201cese compromiso debe quedar plasmado \u00e1 maior brevidade nun convenio de colaboraci\u00f3n asinado polas tres administraci\u00f3ns promotoras (Xunta, Goberno central e Concello de Lugo) similar ao asinado nas cidades galegas que te\u00f1en as s\u00faas estaci\u00f3ns intermodais en execuci\u00f3n\u201d.<br \/>\nO popular explicou que o modelo de colaboraci\u00f3n establecido para as estaci\u00f3ns intermodais galegas consiste en que a Xunta constr\u00fae e financia a terminal de autobuses; o Ministerio de Fomento constr\u00fae e financia a reforma ferroviaria; e o Concello asume a adecuaci\u00f3n urban\u00edstica e os accesos se son necesarios, co apoio da Administraci\u00f3n auton\u00f3mica.<br \/>\nO popular lembrou que o proxecto da intermodal \u00e9 froito dun traballo conxunto entre a Xunta e o Ministerio de Fomento. De feito, o anteproxecto elaborouse tomando como base os estudos previos elaborados pola Administraci\u00f3n auton\u00f3mica e foi obxecto de numerosas xuntanzas e intercambios de coordinaci\u00f3n. Carballo lamentou \u201ca falta de lealdade institucional cando, o Ministerio de Fomento presentou o proxecto da estaci\u00f3n intermodal como unha inciativa exclusivamente s\u00faa nun acto no que pretendeu que a Xunta fose convidada de pedra\u201d.<br \/>\nRam\u00f3n Carballo concl\u00fae asegurando que \u201cos lucenses non merecen anuncios electorais dun Executivo que est\u00e1 permanentemente en campa\u00f1a\u201d e reclama \u201cfeitos e avances nesta infraestructura\u201d. \u201cO mesmo ministro de Fomento, Jos\u00e9 Luis \u00c1balos, que dixo que o AVE \u00eda chegar a Lugo en 2021, foi tam\u00e9n o que dixo, en marzo de 2019,  que a estaci\u00f3n intermodal de Lugo \u00eda estar en obras en 2020.  Pero a realidade \u00e9 que ata setembro non se adxudicou a redacci\u00f3n do proxecto, que ten 15 meses de prazo, co cal, non estar\u00e1 rematado antes de decembro do vindeiro ano\u201d concluiu.<\/p>\n","protected":false},"excerpt":{"rendered":"<p>El portavoz popular Ram\u00f3n Carballo asegura que Lugo \u201cni puede ni debe ser diferente a Vigo, Santiago, Ourense \u201d que ya est\u00e1n ejecutando sus estaciones intermodales por lo que llevar\u00e1n&#8230;<\/p>\n","protected":false},"author":8,"featured_media":10950,"comment_status":"open","ping_status":"closed","sticky":false,"template":"","format":"standard","meta":{"footnotes":""},"categories":[32],"tags":[],"class_list":{"0":"post-11463","1":"post","2":"type-post","3":"status-publish","4":"format-standard","5":"has-post-thumbnail","7":"category-infraestructuras-es"},"yoast_head":"<!-- This site is optimized with the Yoast SEO plugin v27.4 - https:\/\/yoast.com\/product\/yoast-seo-wordpress\/ -->\n<title>El PP reclama un convenio de colaboraci\u00f3n para intermodal similar al firmado por la Xunta y Fomento en el resto de las ciudades gallegas - Grupo Municipal Partido Popular de Lugo<\/title>\n<meta name=\"robots\" content=\"index, follow, max-snippet:-1, max-image-preview:large, max-video-preview:-1\" \/>\n<link rel=\"canonical\" href=\"https:\/\/www.ppdelugo.com\/es\/o-pp-reclama-un-convenio-de-colaboracion-para-intermodal-similar-ao-asinado-pola-xunta-e-fomento-no-resto-das-cidades-galegas\/\" \/>\n<meta property=\"og:locale\" content=\"es_ES\" \/>\n<meta property=\"og:type\" content=\"article\" \/>\n<meta property=\"og:title\" content=\"El PP reclama un convenio de colaboraci\u00f3n para intermodal similar al firmado por la Xunta y Fomento en el resto de las ciudades gallegas - Grupo Municipal Partido Popular de Lugo\" \/>\n<meta property=\"og:description\" content=\"El portavoz popular Ram\u00f3n Carballo asegura que Lugo \u201cni puede ni debe ser diferente a Vigo, Santiago, Ourense \u201d que ya est\u00e1n ejecutando sus estaciones intermodales por lo que llevar\u00e1n...\" \/>\n<meta property=\"og:url\" content=\"https:\/\/www.ppdelugo.com\/es\/o-pp-reclama-un-convenio-de-colaboracion-para-intermodal-similar-ao-asinado-pola-xunta-e-fomento-no-resto-das-cidades-galegas\/\" \/>\n<meta property=\"og:site_name\" content=\"Grupo Municipal Partido Popular de Lugo\" \/>\n<meta property=\"article:published_time\" content=\"2019-12-19T12:23:44+00:00\" \/>\n<meta property=\"article:modified_time\" content=\"2019-12-19T12:25:00+00:00\" \/>\n<meta property=\"og:image\" content=\"https:\/\/www.ppdelugo.com\/wp-content\/uploads\/2019\/10\/Foto-Rueda-Ram\u00f3n-Carballo-1024x768.jpg\" \/>\n\t<meta property=\"og:image:width\" content=\"1024\" \/>\n\t<meta property=\"og:image:height\" content=\"768\" \/>\n\t<meta property=\"og:image:type\" content=\"image\/jpeg\" \/>\n<meta name=\"author\" content=\"ppdelugo\" \/>\n<meta name=\"twitter:card\" content=\"summary_large_image\" \/>\n<meta name=\"twitter:label1\" content=\"Escrito por\" \/>\n\t<meta name=\"twitter:data1\" content=\"ppdelugo\" \/>\n\t<meta name=\"twitter:label2\" content=\"Tiempo de lectura\" \/>\n\t<meta name=\"twitter:data2\" content=\"2 minutos\" \/>\n<script type=\"application\/ld+json\" class=\"yoast-schema-graph\">{\"@context\":\"https:\\\/\\\/schema.org\",\"@graph\":[{\"@type\":\"Article\",\"@id\":\"https:\\\/\\\/www.ppdelugo.com\\\/es\\\/o-pp-reclama-un-convenio-de-colaboracion-para-intermodal-similar-ao-asinado-pola-xunta-e-fomento-no-resto-das-cidades-galegas\\\/#article\",\"isPartOf\":{\"@id\":\"https:\\\/\\\/www.ppdelugo.com\\\/es\\\/o-pp-reclama-un-convenio-de-colaboracion-para-intermodal-similar-ao-asinado-pola-xunta-e-fomento-no-resto-das-cidades-galegas\\\/\"},\"author\":{\"name\":\"ppdelugo\",\"@id\":\"https:\\\/\\\/www.ppdelugo.com\\\/es\\\/#\\\/schema\\\/person\\\/4fa17dd371813e2c389a4417775cec48\"},\"headline\":\"El PP reclama un convenio de colaboraci\u00f3n para intermodal similar al firmado por la Xunta y Fomento en el resto de las ciudades gallegas\",\"datePublished\":\"2019-12-19T12:23:44+00:00\",\"dateModified\":\"2019-12-19T12:25:00+00:00\",\"mainEntityOfPage\":{\"@id\":\"https:\\\/\\\/www.ppdelugo.com\\\/es\\\/o-pp-reclama-un-convenio-de-colaboracion-para-intermodal-similar-ao-asinado-pola-xunta-e-fomento-no-resto-das-cidades-galegas\\\/\"},\"wordCount\":476,\"commentCount\":0,\"image\":{\"@id\":\"https:\\\/\\\/www.ppdelugo.com\\\/es\\\/o-pp-reclama-un-convenio-de-colaboracion-para-intermodal-similar-ao-asinado-pola-xunta-e-fomento-no-resto-das-cidades-galegas\\\/#primaryimage\"},\"thumbnailUrl\":\"https:\\\/\\\/www.ppdelugo.com\\\/wp-content\\\/uploads\\\/2019\\\/10\\\/Foto-Rueda-Ram\u00f3n-Carballo.jpg\",\"articleSection\":[\"Infraestructuras\"],\"inLanguage\":\"es\",\"potentialAction\":[{\"@type\":\"CommentAction\",\"name\":\"Comment\",\"target\":[\"https:\\\/\\\/www.ppdelugo.com\\\/es\\\/o-pp-reclama-un-convenio-de-colaboracion-para-intermodal-similar-ao-asinado-pola-xunta-e-fomento-no-resto-das-cidades-galegas\\\/#respond\"]}]},{\"@type\":\"WebPage\",\"@id\":\"https:\\\/\\\/www.ppdelugo.com\\\/es\\\/o-pp-reclama-un-convenio-de-colaboracion-para-intermodal-similar-ao-asinado-pola-xunta-e-fomento-no-resto-das-cidades-galegas\\\/\",\"url\":\"https:\\\/\\\/www.ppdelugo.com\\\/es\\\/o-pp-reclama-un-convenio-de-colaboracion-para-intermodal-similar-ao-asinado-pola-xunta-e-fomento-no-resto-das-cidades-galegas\\\/\",\"name\":\"El PP reclama un convenio de colaboraci\u00f3n para intermodal similar al firmado por la Xunta y Fomento en el resto de las ciudades gallegas - Grupo Municipal Partido Popular de Lugo\",\"isPartOf\":{\"@id\":\"https:\\\/\\\/www.ppdelugo.com\\\/es\\\/#website\"},\"primaryImageOfPage\":{\"@id\":\"https:\\\/\\\/www.ppdelugo.com\\\/es\\\/o-pp-reclama-un-convenio-de-colaboracion-para-intermodal-similar-ao-asinado-pola-xunta-e-fomento-no-resto-das-cidades-galegas\\\/#primaryimage\"},\"image\":{\"@id\":\"https:\\\/\\\/www.ppdelugo.com\\\/es\\\/o-pp-reclama-un-convenio-de-colaboracion-para-intermodal-similar-ao-asinado-pola-xunta-e-fomento-no-resto-das-cidades-galegas\\\/#primaryimage\"},\"thumbnailUrl\":\"https:\\\/\\\/www.ppdelugo.com\\\/wp-content\\\/uploads\\\/2019\\\/10\\\/Foto-Rueda-Ram\u00f3n-Carballo.jpg\",\"datePublished\":\"2019-12-19T12:23:44+00:00\",\"dateModified\":\"2019-12-19T12:25:00+00:00\",\"author\":{\"@id\":\"https:\\\/\\\/www.ppdelugo.com\\\/es\\\/#\\\/schema\\\/person\\\/4fa17dd371813e2c389a4417775cec48\"},\"breadcrumb\":{\"@id\":\"https:\\\/\\\/www.ppdelugo.com\\\/es\\\/o-pp-reclama-un-convenio-de-colaboracion-para-intermodal-similar-ao-asinado-pola-xunta-e-fomento-no-resto-das-cidades-galegas\\\/#breadcrumb\"},\"inLanguage\":\"es\",\"potentialAction\":[{\"@type\":\"ReadAction\",\"target\":[\"https:\\\/\\\/www.ppdelugo.com\\\/es\\\/o-pp-reclama-un-convenio-de-colaboracion-para-intermodal-similar-ao-asinado-pola-xunta-e-fomento-no-resto-das-cidades-galegas\\\/\"]}]},{\"@type\":\"ImageObject\",\"inLanguage\":\"es\",\"@id\":\"https:\\\/\\\/www.ppdelugo.com\\\/es\\\/o-pp-reclama-un-convenio-de-colaboracion-para-intermodal-similar-ao-asinado-pola-xunta-e-fomento-no-resto-das-cidades-galegas\\\/#primaryimage\",\"url\":\"https:\\\/\\\/www.ppdelugo.com\\\/wp-content\\\/uploads\\\/2019\\\/10\\\/Foto-Rueda-Ram\u00f3n-Carballo.jpg\",\"contentUrl\":\"https:\\\/\\\/www.ppdelugo.com\\\/wp-content\\\/uploads\\\/2019\\\/10\\\/Foto-Rueda-Ram\u00f3n-Carballo.jpg\",\"width\":4000,\"height\":3000},{\"@type\":\"BreadcrumbList\",\"@id\":\"https:\\\/\\\/www.ppdelugo.com\\\/es\\\/o-pp-reclama-un-convenio-de-colaboracion-para-intermodal-similar-ao-asinado-pola-xunta-e-fomento-no-resto-das-cidades-galegas\\\/#breadcrumb\",\"itemListElement\":[{\"@type\":\"ListItem\",\"position\":1,\"name\":\"Portada\",\"item\":\"https:\\\/\\\/www.ppdelugo.com\\\/es\\\/\"},{\"@type\":\"ListItem\",\"position\":2,\"name\":\"El PP reclama un convenio de colaboraci\u00f3n para intermodal similar al firmado por la Xunta y Fomento en el resto de las ciudades gallegas\"}]},{\"@type\":\"WebSite\",\"@id\":\"https:\\\/\\\/www.ppdelugo.com\\\/es\\\/#website\",\"url\":\"https:\\\/\\\/www.ppdelugo.com\\\/es\\\/\",\"name\":\"Grupo Municipal Partido Popular de Lugo\",\"description\":\"Web del Grupo Municipal del Partido Popular en el Ayuntamiento de Lugo, con informaci\u00f3n sobre Lugo y fomento de la participaci\u00f3n ciudadana\",\"potentialAction\":[{\"@type\":\"SearchAction\",\"target\":{\"@type\":\"EntryPoint\",\"urlTemplate\":\"https:\\\/\\\/www.ppdelugo.com\\\/es\\\/?s={search_term_string}\"},\"query-input\":{\"@type\":\"PropertyValueSpecification\",\"valueRequired\":true,\"valueName\":\"search_term_string\"}}],\"inLanguage\":\"es\"},{\"@type\":\"Person\",\"@id\":\"https:\\\/\\\/www.ppdelugo.com\\\/es\\\/#\\\/schema\\\/person\\\/4fa17dd371813e2c389a4417775cec48\",\"name\":\"ppdelugo\",\"url\":\"https:\\\/\\\/www.ppdelugo.com\\\/es\\\/author\\\/admin-2\\\/\"}]}<\/script>\n<!-- \/ Yoast SEO plugin. -->","yoast_head_json":{"title":"El PP reclama un convenio de colaboraci\u00f3n para intermodal similar al firmado por la Xunta y Fomento en el resto de las ciudades gallegas - Grupo Municipal Partido Popular de Lugo","robots":{"index":"index","follow":"follow","max-snippet":"max-snippet:-1","max-image-preview":"max-image-preview:large","max-video-preview":"max-video-preview:-1"},"canonical":"https:\/\/www.ppdelugo.com\/es\/o-pp-reclama-un-convenio-de-colaboracion-para-intermodal-similar-ao-asinado-pola-xunta-e-fomento-no-resto-das-cidades-galegas\/","og_locale":"es_ES","og_type":"article","og_title":"El PP reclama un convenio de colaboraci\u00f3n para intermodal similar al firmado por la Xunta y Fomento en el resto de las ciudades gallegas - Grupo Municipal Partido Popular de Lugo","og_description":"El portavoz popular Ram\u00f3n Carballo asegura que Lugo \u201cni puede ni debe ser diferente a Vigo, Santiago, Ourense \u201d que ya est\u00e1n ejecutando sus estaciones intermodales por lo que llevar\u00e1n...","og_url":"https:\/\/www.ppdelugo.com\/es\/o-pp-reclama-un-convenio-de-colaboracion-para-intermodal-similar-ao-asinado-pola-xunta-e-fomento-no-resto-das-cidades-galegas\/","og_site_name":"Grupo Municipal Partido Popular de Lugo","article_published_time":"2019-12-19T12:23:44+00:00","article_modified_time":"2019-12-19T12:25:00+00:00","og_image":[{"width":1024,"height":768,"url":"https:\/\/www.ppdelugo.com\/wp-content\/uploads\/2019\/10\/Foto-Rueda-Ram\u00f3n-Carballo-1024x768.jpg","type":"image\/jpeg"}],"author":"ppdelugo","twitter_card":"summary_large_image","twitter_misc":{"Escrito por":"ppdelugo","Tiempo de lectura":"2 minutos"},"schema":{"@context":"https:\/\/schema.org","@graph":[{"@type":"Article","@id":"https:\/\/www.ppdelugo.com\/es\/o-pp-reclama-un-convenio-de-colaboracion-para-intermodal-similar-ao-asinado-pola-xunta-e-fomento-no-resto-das-cidades-galegas\/#article","isPartOf":{"@id":"https:\/\/www.ppdelugo.com\/es\/o-pp-reclama-un-convenio-de-colaboracion-para-intermodal-similar-ao-asinado-pola-xunta-e-fomento-no-resto-das-cidades-galegas\/"},"author":{"name":"ppdelugo","@id":"https:\/\/www.ppdelugo.com\/es\/#\/schema\/person\/4fa17dd371813e2c389a4417775cec48"},"headline":"El PP reclama un convenio de colaboraci\u00f3n para intermodal similar al firmado por la Xunta y Fomento en el resto de las ciudades gallegas","datePublished":"2019-12-19T12:23:44+00:00","dateModified":"2019-12-19T12:25:00+00:00","mainEntityOfPage":{"@id":"https:\/\/www.ppdelugo.com\/es\/o-pp-reclama-un-convenio-de-colaboracion-para-intermodal-similar-ao-asinado-pola-xunta-e-fomento-no-resto-das-cidades-galegas\/"},"wordCount":476,"commentCount":0,"image":{"@id":"https:\/\/www.ppdelugo.com\/es\/o-pp-reclama-un-convenio-de-colaboracion-para-intermodal-similar-ao-asinado-pola-xunta-e-fomento-no-resto-das-cidades-galegas\/#primaryimage"},"thumbnailUrl":"https:\/\/www.ppdelugo.com\/wp-content\/uploads\/2019\/10\/Foto-Rueda-Ram\u00f3n-Carballo.jpg","articleSection":["Infraestructuras"],"inLanguage":"es","potentialAction":[{"@type":"CommentAction","name":"Comment","target":["https:\/\/www.ppdelugo.com\/es\/o-pp-reclama-un-convenio-de-colaboracion-para-intermodal-similar-ao-asinado-pola-xunta-e-fomento-no-resto-das-cidades-galegas\/#respond"]}]},{"@type":"WebPage","@id":"https:\/\/www.ppdelugo.com\/es\/o-pp-reclama-un-convenio-de-colaboracion-para-intermodal-similar-ao-asinado-pola-xunta-e-fomento-no-resto-das-cidades-galegas\/","url":"https:\/\/www.ppdelugo.com\/es\/o-pp-reclama-un-convenio-de-colaboracion-para-intermodal-similar-ao-asinado-pola-xunta-e-fomento-no-resto-das-cidades-galegas\/","name":"El PP reclama un convenio de colaboraci\u00f3n para intermodal similar al firmado por la Xunta y Fomento en el resto de las ciudades gallegas - Grupo Municipal Partido Popular de Lugo","isPartOf":{"@id":"https:\/\/www.ppdelugo.com\/es\/#website"},"primaryImageOfPage":{"@id":"https:\/\/www.ppdelugo.com\/es\/o-pp-reclama-un-convenio-de-colaboracion-para-intermodal-similar-ao-asinado-pola-xunta-e-fomento-no-resto-das-cidades-galegas\/#primaryimage"},"image":{"@id":"https:\/\/www.ppdelugo.com\/es\/o-pp-reclama-un-convenio-de-colaboracion-para-intermodal-similar-ao-asinado-pola-xunta-e-fomento-no-resto-das-cidades-galegas\/#primaryimage"},"thumbnailUrl":"https:\/\/www.ppdelugo.com\/wp-content\/uploads\/2019\/10\/Foto-Rueda-Ram\u00f3n-Carballo.jpg","datePublished":"2019-12-19T12:23:44+00:00","dateModified":"2019-12-19T12:25:00+00:00","author":{"@id":"https:\/\/www.ppdelugo.com\/es\/#\/schema\/person\/4fa17dd371813e2c389a4417775cec48"},"breadcrumb":{"@id":"https:\/\/www.ppdelugo.com\/es\/o-pp-reclama-un-convenio-de-colaboracion-para-intermodal-similar-ao-asinado-pola-xunta-e-fomento-no-resto-das-cidades-galegas\/#breadcrumb"},"inLanguage":"es","potentialAction":[{"@type":"ReadAction","target":["https:\/\/www.ppdelugo.com\/es\/o-pp-reclama-un-convenio-de-colaboracion-para-intermodal-similar-ao-asinado-pola-xunta-e-fomento-no-resto-das-cidades-galegas\/"]}]},{"@type":"ImageObject","inLanguage":"es","@id":"https:\/\/www.ppdelugo.com\/es\/o-pp-reclama-un-convenio-de-colaboracion-para-intermodal-similar-ao-asinado-pola-xunta-e-fomento-no-resto-das-cidades-galegas\/#primaryimage","url":"https:\/\/www.ppdelugo.com\/wp-content\/uploads\/2019\/10\/Foto-Rueda-Ram\u00f3n-Carballo.jpg","contentUrl":"https:\/\/www.ppdelugo.com\/wp-content\/uploads\/2019\/10\/Foto-Rueda-Ram\u00f3n-Carballo.jpg","width":4000,"height":3000},{"@type":"BreadcrumbList","@id":"https:\/\/www.ppdelugo.com\/es\/o-pp-reclama-un-convenio-de-colaboracion-para-intermodal-similar-ao-asinado-pola-xunta-e-fomento-no-resto-das-cidades-galegas\/#breadcrumb","itemListElement":[{"@type":"ListItem","position":1,"name":"Portada","item":"https:\/\/www.ppdelugo.com\/es\/"},{"@type":"ListItem","position":2,"name":"El PP reclama un convenio de colaboraci\u00f3n para intermodal similar al firmado por la Xunta y Fomento en el resto de las ciudades gallegas"}]},{"@type":"WebSite","@id":"https:\/\/www.ppdelugo.com\/es\/#website","url":"https:\/\/www.ppdelugo.com\/es\/","name":"Grupo Municipal Partido Popular de Lugo","description":"Web del Grupo Municipal del Partido Popular en el Ayuntamiento de Lugo, con informaci\u00f3n sobre Lugo y fomento de la participaci\u00f3n ciudadana","potentialAction":[{"@type":"SearchAction","target":{"@type":"EntryPoint","urlTemplate":"https:\/\/www.ppdelugo.com\/es\/?s={search_term_string}"},"query-input":{"@type":"PropertyValueSpecification","valueRequired":true,"valueName":"search_term_string"}}],"inLanguage":"es"},{"@type":"Person","@id":"https:\/\/www.ppdelugo.com\/es\/#\/schema\/person\/4fa17dd371813e2c389a4417775cec48","name":"ppdelugo","url":"https:\/\/www.ppdelugo.com\/es\/author\/admin-2\/"}]}},"_links":{"self":[{"href":"https:\/\/www.ppdelugo.com\/es\/wp-json\/wp\/v2\/posts\/11463","targetHints":{"allow":["GET"]}}],"collection":[{"href":"https:\/\/www.ppdelugo.com\/es\/wp-json\/wp\/v2\/posts"}],"about":[{"href":"https:\/\/www.ppdelugo.com\/es\/wp-json\/wp\/v2\/types\/post"}],"author":[{"embeddable":true,"href":"https:\/\/www.ppdelugo.com\/es\/wp-json\/wp\/v2\/users\/8"}],"replies":[{"embeddable":true,"href":"https:\/\/www.ppdelugo.com\/es\/wp-json\/wp\/v2\/comments?post=11463"}],"version-history":[{"count":0,"href":"https:\/\/www.ppdelugo.com\/es\/wp-json\/wp\/v2\/posts\/11463\/revisions"}],"wp:featuredmedia":[{"embeddable":true,"href":"https:\/\/www.ppdelugo.com\/es\/wp-json\/wp\/v2\/media\/10950"}],"wp:attachment":[{"href":"https:\/\/www.ppdelugo.com\/es\/wp-json\/wp\/v2\/media?parent=11463"}],"wp:term":[{"taxonomy":"category","embeddable":true,"href":"https:\/\/www.ppdelugo.com\/es\/wp-json\/wp\/v2\/categories?post=11463"},{"taxonomy":"post_tag","embeddable":true,"href":"https:\/\/www.ppdelugo.com\/es\/wp-json\/wp\/v2\/tags?post=11463"}],"curies":[{"name":"wp","href":"https:\/\/api.w.org\/{rel}","templated":true}]}}