{"id":11323,"date":"2019-11-28T11:21:04","date_gmt":"2019-11-28T11:21:04","guid":{"rendered":"http:\/\/www.ppdelugo.com\/?p=11323"},"modified":"2019-11-28T11:21:33","modified_gmt":"2019-11-28T11:21:33","slug":"el-gmpp-lamenta-que-el-bigoberno-decida-vetar-la-entrada-a-todas-las-instalaciones-municipales-abandonadas-por-el-gobierno-local","status":"publish","type":"post","link":"https:\/\/www.ppdelugo.com\/es\/el-gmpp-lamenta-que-el-bigoberno-decida-vetar-la-entrada-a-todas-las-instalaciones-municipales-abandonadas-por-el-gobierno-local\/","title":{"rendered":"El  GMPP lamenta que el  bigoberno decida vetar la entrada a todas las instalaciones municipales abandonadas por el gobierno local"},"content":{"rendered":"<p>El Grupo Municipal del Partido Popular lament\u00f3 que el  bigoberno decidiera votar en contra de la propuesta realizada para ampliar &#8216;el  tour de la verg\u00fcenza&#8217; iniciado por Lara M\u00e9ndez para mostrar a la ciudadan\u00eda como el gobierno local  abanonou numerosos edificios municipales. Una propuesta en la que llama la atenci\u00f3n el sentido del voto del BNG, que hace dos a\u00f1os vot\u00f3 a favor de permitir la entrada en los edificios municipales abandonados, pero hoy decidi\u00f3 cambiar su parecer. <\/p>\n<p><!--more--><\/p>\n<p>O Concello de Lugo conta actualmente con numerosos edificios que non te\u00f1en un uso definido, alg\u00fans deles precisan ser rehabilitados ou unha profunda reforma para que poidan ofrecer alg\u00fan tipo de servizo, nese sentido podemos destacar as vellas ETAP e EDAR, os dep\u00f3sitos de Frigsa e A Piringalla, o matadoiro municipal, ou a F\u00e1brica de Luz, etc.<\/p>\n<p>O Grupo Municipal do Partido Popular sendo consciente desta situaci\u00f3n presentou unha Proposici\u00f3n non Pleno ordinario celebrado o 26 de xaneiro do ano 2017 para establecer un programa de visitas e que se elaborase un plan de aproveitamento das instalaci\u00f3ns que non te\u00f1en uso definido.<\/p>\n<p>Lamentablemente o equipo de goberno incumpriu este acordo plenario, pero hai uns d\u00edas, iniciou unha serie de visitas ao Cuartel de San Fernando pero que non dan resposta \u00e1 necesidade imperiosa de dar unha soluci\u00f3n aos m\u00faltiples edificios de titularidade municipal que est\u00e1n abandonados, e que precisan dun plan de acci\u00f3n para po\u00f1elos en valor e darlle un uso adecuado para que reverta de forma positiva na cidade.<\/p>\n<p>Ante esta situaci\u00f3n de par\u00e1lise no Concello de Lugo, consideramos que \u00e9 necesario crear unha mesa de traballo con representaci\u00f3n de todos os grupos da Corporaci\u00f3n, as\u00ed como por t\u00e9cnicos municipais para elaborar unha proposta conxunta coa finalidade de recuperar e po\u00f1er en valor todos os edificios que son de titularidade municipal pero que non te\u00f1en un uso definido. <\/p>\n<p>Por todo isto, o Grupo Municipal Popular que suscribe considera de interese municipal que o Pleno da Corporaci\u00f3n Municipal acorde:<\/p>\n<p>Instar ao equipo de goberno a que establezca un programa de visitas aos edificios de titularidade municipal que non te\u00f1en un uso definido, para comprobar o estado real dos mesmos, e constituir unha mesa de traballo formada por representantes de todos os grupos da Corporaci\u00f3n e por t\u00e9cnicos municipais, co obxecto de planificar o futuro dos edificios de titularidade municipal que actualmente non te\u00f1en un uso definido.<\/p>\n","protected":false},"excerpt":{"rendered":"<p>El Grupo Municipal del Partido Popular lament\u00f3 que el bigoberno decidiera votar en contra de la propuesta realizada para ampliar &#8216;el tour de la verg\u00fcenza&#8217; iniciado por Lara M\u00e9ndez para&#8230;<\/p>\n","protected":false},"author":8,"featured_media":11324,"comment_status":"open","ping_status":"closed","sticky":false,"template":"","format":"standard","meta":{"footnotes":""},"categories":[32,50,39],"tags":[],"class_list":{"0":"post-11323","1":"post","2":"type-post","3":"status-publish","4":"format-standard","5":"has-post-thumbnail","7":"category-infraestructuras-es","8":"category-proposiciones","9":"category-transparencia-es"},"yoast_head":"<!-- This site is optimized with the Yoast SEO plugin v27.4 - https:\/\/yoast.com\/product\/yoast-seo-wordpress\/ -->\n<title>El GMPP lamenta que el bigoberno decida vetar la entrada a todas las instalaciones municipales abandonadas por el gobierno local - Grupo Municipal Partido Popular de Lugo<\/title>\n<meta name=\"robots\" content=\"index, follow, max-snippet:-1, max-image-preview:large, max-video-preview:-1\" \/>\n<link rel=\"canonical\" href=\"https:\/\/www.ppdelugo.com\/es\/el-gmpp-lamenta-que-el-bigoberno-decida-vetar-la-entrada-a-todas-las-instalaciones-municipales-abandonadas-por-el-gobierno-local\/\" \/>\n<meta property=\"og:locale\" content=\"es_ES\" \/>\n<meta property=\"og:type\" content=\"article\" \/>\n<meta property=\"og:title\" content=\"El GMPP lamenta que el bigoberno decida vetar la entrada a todas las instalaciones municipales abandonadas por el gobierno local - Grupo Municipal Partido Popular de Lugo\" \/>\n<meta property=\"og:description\" content=\"El Grupo Municipal del Partido Popular lament\u00f3 que el bigoberno decidiera votar en contra de la propuesta realizada para ampliar &#8216;el tour de la verg\u00fcenza&#8217; iniciado por Lara M\u00e9ndez para...\" \/>\n<meta property=\"og:url\" content=\"https:\/\/www.ppdelugo.com\/es\/el-gmpp-lamenta-que-el-bigoberno-decida-vetar-la-entrada-a-todas-las-instalaciones-municipales-abandonadas-por-el-gobierno-local\/\" \/>\n<meta property=\"og:site_name\" content=\"Grupo Municipal Partido Popular de Lugo\" \/>\n<meta property=\"article:published_time\" content=\"2019-11-28T11:21:04+00:00\" \/>\n<meta property=\"article:modified_time\" content=\"2019-11-28T11:21:33+00:00\" \/>\n<meta property=\"og:image\" content=\"https:\/\/www.ppdelugo.com\/wp-content\/uploads\/2019\/11\/Antonio-Ameijide-edificios-abandonados-tour-1024x768.jpg\" \/>\n\t<meta property=\"og:image:width\" content=\"1024\" \/>\n\t<meta property=\"og:image:height\" content=\"768\" \/>\n\t<meta property=\"og:image:type\" content=\"image\/jpeg\" \/>\n<meta name=\"author\" content=\"ppdelugo\" \/>\n<meta name=\"twitter:card\" content=\"summary_large_image\" \/>\n<meta name=\"twitter:label1\" content=\"Escrito por\" \/>\n\t<meta name=\"twitter:data1\" content=\"ppdelugo\" \/>\n\t<meta name=\"twitter:label2\" content=\"Tiempo de lectura\" \/>\n\t<meta name=\"twitter:data2\" content=\"2 minutos\" \/>\n<script type=\"application\/ld+json\" class=\"yoast-schema-graph\">{\"@context\":\"https:\\\/\\\/schema.org\",\"@graph\":[{\"@type\":\"Article\",\"@id\":\"https:\\\/\\\/www.ppdelugo.com\\\/es\\\/el-gmpp-lamenta-que-el-bigoberno-decida-vetar-la-entrada-a-todas-las-instalaciones-municipales-abandonadas-por-el-gobierno-local\\\/#article\",\"isPartOf\":{\"@id\":\"https:\\\/\\\/www.ppdelugo.com\\\/es\\\/el-gmpp-lamenta-que-el-bigoberno-decida-vetar-la-entrada-a-todas-las-instalaciones-municipales-abandonadas-por-el-gobierno-local\\\/\"},\"author\":{\"name\":\"ppdelugo\",\"@id\":\"https:\\\/\\\/www.ppdelugo.com\\\/es\\\/#\\\/schema\\\/person\\\/4fa17dd371813e2c389a4417775cec48\"},\"headline\":\"El GMPP lamenta que el bigoberno decida vetar la entrada a todas las instalaciones municipales abandonadas por el gobierno local\",\"datePublished\":\"2019-11-28T11:21:04+00:00\",\"dateModified\":\"2019-11-28T11:21:33+00:00\",\"mainEntityOfPage\":{\"@id\":\"https:\\\/\\\/www.ppdelugo.com\\\/es\\\/el-gmpp-lamenta-que-el-bigoberno-decida-vetar-la-entrada-a-todas-las-instalaciones-municipales-abandonadas-por-el-gobierno-local\\\/\"},\"wordCount\":442,\"commentCount\":0,\"image\":{\"@id\":\"https:\\\/\\\/www.ppdelugo.com\\\/es\\\/el-gmpp-lamenta-que-el-bigoberno-decida-vetar-la-entrada-a-todas-las-instalaciones-municipales-abandonadas-por-el-gobierno-local\\\/#primaryimage\"},\"thumbnailUrl\":\"https:\\\/\\\/www.ppdelugo.com\\\/wp-content\\\/uploads\\\/2019\\\/11\\\/Antonio-Ameijide-edificios-abandonados-tour.jpg\",\"articleSection\":[\"Infraestructuras\",\"Proposiciones\",\"transparencia\"],\"inLanguage\":\"es\",\"potentialAction\":[{\"@type\":\"CommentAction\",\"name\":\"Comment\",\"target\":[\"https:\\\/\\\/www.ppdelugo.com\\\/es\\\/el-gmpp-lamenta-que-el-bigoberno-decida-vetar-la-entrada-a-todas-las-instalaciones-municipales-abandonadas-por-el-gobierno-local\\\/#respond\"]}]},{\"@type\":\"WebPage\",\"@id\":\"https:\\\/\\\/www.ppdelugo.com\\\/es\\\/el-gmpp-lamenta-que-el-bigoberno-decida-vetar-la-entrada-a-todas-las-instalaciones-municipales-abandonadas-por-el-gobierno-local\\\/\",\"url\":\"https:\\\/\\\/www.ppdelugo.com\\\/es\\\/el-gmpp-lamenta-que-el-bigoberno-decida-vetar-la-entrada-a-todas-las-instalaciones-municipales-abandonadas-por-el-gobierno-local\\\/\",\"name\":\"El GMPP lamenta que el bigoberno decida vetar la entrada a todas las instalaciones municipales abandonadas por el gobierno local - Grupo Municipal Partido Popular de Lugo\",\"isPartOf\":{\"@id\":\"https:\\\/\\\/www.ppdelugo.com\\\/es\\\/#website\"},\"primaryImageOfPage\":{\"@id\":\"https:\\\/\\\/www.ppdelugo.com\\\/es\\\/el-gmpp-lamenta-que-el-bigoberno-decida-vetar-la-entrada-a-todas-las-instalaciones-municipales-abandonadas-por-el-gobierno-local\\\/#primaryimage\"},\"image\":{\"@id\":\"https:\\\/\\\/www.ppdelugo.com\\\/es\\\/el-gmpp-lamenta-que-el-bigoberno-decida-vetar-la-entrada-a-todas-las-instalaciones-municipales-abandonadas-por-el-gobierno-local\\\/#primaryimage\"},\"thumbnailUrl\":\"https:\\\/\\\/www.ppdelugo.com\\\/wp-content\\\/uploads\\\/2019\\\/11\\\/Antonio-Ameijide-edificios-abandonados-tour.jpg\",\"datePublished\":\"2019-11-28T11:21:04+00:00\",\"dateModified\":\"2019-11-28T11:21:33+00:00\",\"author\":{\"@id\":\"https:\\\/\\\/www.ppdelugo.com\\\/es\\\/#\\\/schema\\\/person\\\/4fa17dd371813e2c389a4417775cec48\"},\"breadcrumb\":{\"@id\":\"https:\\\/\\\/www.ppdelugo.com\\\/es\\\/el-gmpp-lamenta-que-el-bigoberno-decida-vetar-la-entrada-a-todas-las-instalaciones-municipales-abandonadas-por-el-gobierno-local\\\/#breadcrumb\"},\"inLanguage\":\"es\",\"potentialAction\":[{\"@type\":\"ReadAction\",\"target\":[\"https:\\\/\\\/www.ppdelugo.com\\\/es\\\/el-gmpp-lamenta-que-el-bigoberno-decida-vetar-la-entrada-a-todas-las-instalaciones-municipales-abandonadas-por-el-gobierno-local\\\/\"]}]},{\"@type\":\"ImageObject\",\"inLanguage\":\"es\",\"@id\":\"https:\\\/\\\/www.ppdelugo.com\\\/es\\\/el-gmpp-lamenta-que-el-bigoberno-decida-vetar-la-entrada-a-todas-las-instalaciones-municipales-abandonadas-por-el-gobierno-local\\\/#primaryimage\",\"url\":\"https:\\\/\\\/www.ppdelugo.com\\\/wp-content\\\/uploads\\\/2019\\\/11\\\/Antonio-Ameijide-edificios-abandonados-tour.jpg\",\"contentUrl\":\"https:\\\/\\\/www.ppdelugo.com\\\/wp-content\\\/uploads\\\/2019\\\/11\\\/Antonio-Ameijide-edificios-abandonados-tour.jpg\",\"width\":4000,\"height\":3000},{\"@type\":\"BreadcrumbList\",\"@id\":\"https:\\\/\\\/www.ppdelugo.com\\\/es\\\/el-gmpp-lamenta-que-el-bigoberno-decida-vetar-la-entrada-a-todas-las-instalaciones-municipales-abandonadas-por-el-gobierno-local\\\/#breadcrumb\",\"itemListElement\":[{\"@type\":\"ListItem\",\"position\":1,\"name\":\"Portada\",\"item\":\"https:\\\/\\\/www.ppdelugo.com\\\/es\\\/\"},{\"@type\":\"ListItem\",\"position\":2,\"name\":\"El GMPP lamenta que el bigoberno decida vetar la entrada a todas las instalaciones municipales abandonadas por el gobierno local\"}]},{\"@type\":\"WebSite\",\"@id\":\"https:\\\/\\\/www.ppdelugo.com\\\/es\\\/#website\",\"url\":\"https:\\\/\\\/www.ppdelugo.com\\\/es\\\/\",\"name\":\"Grupo Municipal Partido Popular de Lugo\",\"description\":\"Web del Grupo Municipal del Partido Popular en el Ayuntamiento de Lugo, con informaci\u00f3n sobre Lugo y fomento de la participaci\u00f3n ciudadana\",\"potentialAction\":[{\"@type\":\"SearchAction\",\"target\":{\"@type\":\"EntryPoint\",\"urlTemplate\":\"https:\\\/\\\/www.ppdelugo.com\\\/es\\\/?s={search_term_string}\"},\"query-input\":{\"@type\":\"PropertyValueSpecification\",\"valueRequired\":true,\"valueName\":\"search_term_string\"}}],\"inLanguage\":\"es\"},{\"@type\":\"Person\",\"@id\":\"https:\\\/\\\/www.ppdelugo.com\\\/es\\\/#\\\/schema\\\/person\\\/4fa17dd371813e2c389a4417775cec48\",\"name\":\"ppdelugo\",\"url\":\"https:\\\/\\\/www.ppdelugo.com\\\/es\\\/author\\\/admin-2\\\/\"}]}<\/script>\n<!-- \/ Yoast SEO plugin. -->","yoast_head_json":{"title":"El GMPP lamenta que el bigoberno decida vetar la entrada a todas las instalaciones municipales abandonadas por el gobierno local - Grupo Municipal Partido Popular de Lugo","robots":{"index":"index","follow":"follow","max-snippet":"max-snippet:-1","max-image-preview":"max-image-preview:large","max-video-preview":"max-video-preview:-1"},"canonical":"https:\/\/www.ppdelugo.com\/es\/el-gmpp-lamenta-que-el-bigoberno-decida-vetar-la-entrada-a-todas-las-instalaciones-municipales-abandonadas-por-el-gobierno-local\/","og_locale":"es_ES","og_type":"article","og_title":"El GMPP lamenta que el bigoberno decida vetar la entrada a todas las instalaciones municipales abandonadas por el gobierno local - Grupo Municipal Partido Popular de Lugo","og_description":"El Grupo Municipal del Partido Popular lament\u00f3 que el bigoberno decidiera votar en contra de la propuesta realizada para ampliar &#8216;el tour de la verg\u00fcenza&#8217; iniciado por Lara M\u00e9ndez para...","og_url":"https:\/\/www.ppdelugo.com\/es\/el-gmpp-lamenta-que-el-bigoberno-decida-vetar-la-entrada-a-todas-las-instalaciones-municipales-abandonadas-por-el-gobierno-local\/","og_site_name":"Grupo Municipal Partido Popular de Lugo","article_published_time":"2019-11-28T11:21:04+00:00","article_modified_time":"2019-11-28T11:21:33+00:00","og_image":[{"width":1024,"height":768,"url":"https:\/\/www.ppdelugo.com\/wp-content\/uploads\/2019\/11\/Antonio-Ameijide-edificios-abandonados-tour-1024x768.jpg","type":"image\/jpeg"}],"author":"ppdelugo","twitter_card":"summary_large_image","twitter_misc":{"Escrito por":"ppdelugo","Tiempo de lectura":"2 minutos"},"schema":{"@context":"https:\/\/schema.org","@graph":[{"@type":"Article","@id":"https:\/\/www.ppdelugo.com\/es\/el-gmpp-lamenta-que-el-bigoberno-decida-vetar-la-entrada-a-todas-las-instalaciones-municipales-abandonadas-por-el-gobierno-local\/#article","isPartOf":{"@id":"https:\/\/www.ppdelugo.com\/es\/el-gmpp-lamenta-que-el-bigoberno-decida-vetar-la-entrada-a-todas-las-instalaciones-municipales-abandonadas-por-el-gobierno-local\/"},"author":{"name":"ppdelugo","@id":"https:\/\/www.ppdelugo.com\/es\/#\/schema\/person\/4fa17dd371813e2c389a4417775cec48"},"headline":"El GMPP lamenta que el bigoberno decida vetar la entrada a todas las instalaciones municipales abandonadas por el gobierno local","datePublished":"2019-11-28T11:21:04+00:00","dateModified":"2019-11-28T11:21:33+00:00","mainEntityOfPage":{"@id":"https:\/\/www.ppdelugo.com\/es\/el-gmpp-lamenta-que-el-bigoberno-decida-vetar-la-entrada-a-todas-las-instalaciones-municipales-abandonadas-por-el-gobierno-local\/"},"wordCount":442,"commentCount":0,"image":{"@id":"https:\/\/www.ppdelugo.com\/es\/el-gmpp-lamenta-que-el-bigoberno-decida-vetar-la-entrada-a-todas-las-instalaciones-municipales-abandonadas-por-el-gobierno-local\/#primaryimage"},"thumbnailUrl":"https:\/\/www.ppdelugo.com\/wp-content\/uploads\/2019\/11\/Antonio-Ameijide-edificios-abandonados-tour.jpg","articleSection":["Infraestructuras","Proposiciones","transparencia"],"inLanguage":"es","potentialAction":[{"@type":"CommentAction","name":"Comment","target":["https:\/\/www.ppdelugo.com\/es\/el-gmpp-lamenta-que-el-bigoberno-decida-vetar-la-entrada-a-todas-las-instalaciones-municipales-abandonadas-por-el-gobierno-local\/#respond"]}]},{"@type":"WebPage","@id":"https:\/\/www.ppdelugo.com\/es\/el-gmpp-lamenta-que-el-bigoberno-decida-vetar-la-entrada-a-todas-las-instalaciones-municipales-abandonadas-por-el-gobierno-local\/","url":"https:\/\/www.ppdelugo.com\/es\/el-gmpp-lamenta-que-el-bigoberno-decida-vetar-la-entrada-a-todas-las-instalaciones-municipales-abandonadas-por-el-gobierno-local\/","name":"El GMPP lamenta que el bigoberno decida vetar la entrada a todas las instalaciones municipales abandonadas por el gobierno local - Grupo Municipal Partido Popular de Lugo","isPartOf":{"@id":"https:\/\/www.ppdelugo.com\/es\/#website"},"primaryImageOfPage":{"@id":"https:\/\/www.ppdelugo.com\/es\/el-gmpp-lamenta-que-el-bigoberno-decida-vetar-la-entrada-a-todas-las-instalaciones-municipales-abandonadas-por-el-gobierno-local\/#primaryimage"},"image":{"@id":"https:\/\/www.ppdelugo.com\/es\/el-gmpp-lamenta-que-el-bigoberno-decida-vetar-la-entrada-a-todas-las-instalaciones-municipales-abandonadas-por-el-gobierno-local\/#primaryimage"},"thumbnailUrl":"https:\/\/www.ppdelugo.com\/wp-content\/uploads\/2019\/11\/Antonio-Ameijide-edificios-abandonados-tour.jpg","datePublished":"2019-11-28T11:21:04+00:00","dateModified":"2019-11-28T11:21:33+00:00","author":{"@id":"https:\/\/www.ppdelugo.com\/es\/#\/schema\/person\/4fa17dd371813e2c389a4417775cec48"},"breadcrumb":{"@id":"https:\/\/www.ppdelugo.com\/es\/el-gmpp-lamenta-que-el-bigoberno-decida-vetar-la-entrada-a-todas-las-instalaciones-municipales-abandonadas-por-el-gobierno-local\/#breadcrumb"},"inLanguage":"es","potentialAction":[{"@type":"ReadAction","target":["https:\/\/www.ppdelugo.com\/es\/el-gmpp-lamenta-que-el-bigoberno-decida-vetar-la-entrada-a-todas-las-instalaciones-municipales-abandonadas-por-el-gobierno-local\/"]}]},{"@type":"ImageObject","inLanguage":"es","@id":"https:\/\/www.ppdelugo.com\/es\/el-gmpp-lamenta-que-el-bigoberno-decida-vetar-la-entrada-a-todas-las-instalaciones-municipales-abandonadas-por-el-gobierno-local\/#primaryimage","url":"https:\/\/www.ppdelugo.com\/wp-content\/uploads\/2019\/11\/Antonio-Ameijide-edificios-abandonados-tour.jpg","contentUrl":"https:\/\/www.ppdelugo.com\/wp-content\/uploads\/2019\/11\/Antonio-Ameijide-edificios-abandonados-tour.jpg","width":4000,"height":3000},{"@type":"BreadcrumbList","@id":"https:\/\/www.ppdelugo.com\/es\/el-gmpp-lamenta-que-el-bigoberno-decida-vetar-la-entrada-a-todas-las-instalaciones-municipales-abandonadas-por-el-gobierno-local\/#breadcrumb","itemListElement":[{"@type":"ListItem","position":1,"name":"Portada","item":"https:\/\/www.ppdelugo.com\/es\/"},{"@type":"ListItem","position":2,"name":"El GMPP lamenta que el bigoberno decida vetar la entrada a todas las instalaciones municipales abandonadas por el gobierno local"}]},{"@type":"WebSite","@id":"https:\/\/www.ppdelugo.com\/es\/#website","url":"https:\/\/www.ppdelugo.com\/es\/","name":"Grupo Municipal Partido Popular de Lugo","description":"Web del Grupo Municipal del Partido Popular en el Ayuntamiento de Lugo, con informaci\u00f3n sobre Lugo y fomento de la participaci\u00f3n ciudadana","potentialAction":[{"@type":"SearchAction","target":{"@type":"EntryPoint","urlTemplate":"https:\/\/www.ppdelugo.com\/es\/?s={search_term_string}"},"query-input":{"@type":"PropertyValueSpecification","valueRequired":true,"valueName":"search_term_string"}}],"inLanguage":"es"},{"@type":"Person","@id":"https:\/\/www.ppdelugo.com\/es\/#\/schema\/person\/4fa17dd371813e2c389a4417775cec48","name":"ppdelugo","url":"https:\/\/www.ppdelugo.com\/es\/author\/admin-2\/"}]}},"_links":{"self":[{"href":"https:\/\/www.ppdelugo.com\/es\/wp-json\/wp\/v2\/posts\/11323","targetHints":{"allow":["GET"]}}],"collection":[{"href":"https:\/\/www.ppdelugo.com\/es\/wp-json\/wp\/v2\/posts"}],"about":[{"href":"https:\/\/www.ppdelugo.com\/es\/wp-json\/wp\/v2\/types\/post"}],"author":[{"embeddable":true,"href":"https:\/\/www.ppdelugo.com\/es\/wp-json\/wp\/v2\/users\/8"}],"replies":[{"embeddable":true,"href":"https:\/\/www.ppdelugo.com\/es\/wp-json\/wp\/v2\/comments?post=11323"}],"version-history":[{"count":0,"href":"https:\/\/www.ppdelugo.com\/es\/wp-json\/wp\/v2\/posts\/11323\/revisions"}],"wp:featuredmedia":[{"embeddable":true,"href":"https:\/\/www.ppdelugo.com\/es\/wp-json\/wp\/v2\/media\/11324"}],"wp:attachment":[{"href":"https:\/\/www.ppdelugo.com\/es\/wp-json\/wp\/v2\/media?parent=11323"}],"wp:term":[{"taxonomy":"category","embeddable":true,"href":"https:\/\/www.ppdelugo.com\/es\/wp-json\/wp\/v2\/categories?post=11323"},{"taxonomy":"post_tag","embeddable":true,"href":"https:\/\/www.ppdelugo.com\/es\/wp-json\/wp\/v2\/tags?post=11323"}],"curies":[{"name":"wp","href":"https:\/\/api.w.org\/{rel}","templated":true}]}}