{"id":11320,"date":"2019-11-28T11:06:33","date_gmt":"2019-11-28T11:06:33","guid":{"rendered":"http:\/\/www.ppdelugo.com\/unanimidade-do-pleno-na-proposta-do-gmpp-para-a-construcion-dun-novo-centro-de-saude-no-sagrado-corazon\/"},"modified":"2019-11-28T11:08:44","modified_gmt":"2019-11-28T11:08:44","slug":"unanimidade-do-pleno-na-proposta-do-gmpp-para-a-construcion-dun-novo-centro-de-saude-no-sagrado-corazon","status":"publish","type":"post","link":"https:\/\/www.ppdelugo.com\/es\/unanimidade-do-pleno-na-proposta-do-gmpp-para-a-construcion-dun-novo-centro-de-saude-no-sagrado-corazon\/","title":{"rendered":"Unanimidad del pleno en la propuesta del  GMPP para la construcci\u00f3n de un nuevo centro de salud en el Sagrado Coraz\u00f3n"},"content":{"rendered":"<p>El Grupo Municipal del Partido Popular consigui\u00f3 el apoyo del pleno lucense para que el gobierno local colabore, dentro de sus competencias, con la construcci\u00f3n de un nuevo centro de salud para lo Sagrado Coraz\u00f3n al tiempo que se solicita a la Xunta de Galicia su firme compromiso en la construcci\u00f3n de esta infraestructura.<\/p>\n<p><!--more--><\/p>\n<p>A sanidade galega caracter\u00edzase polo alto nivel de profesionalidade das persoas que traballan nela, as\u00ed como polas s\u00faas boas infraestruturas, as cales sufriron un importante avance nos \u00faltimos anos debido ao esforzo da Xunta de Galicia que permitiu que a pesar da dispersi\u00f3n da poboaci\u00f3n, m\u00e1is do 70% dos galegos viven nunha \u00e1rea cun Centro de Sa\u00fade ou un Hospital novo ou reformado, garantindo desta forma o dereito \u00e1 protecci\u00f3n da sa\u00fade recollido no artigo 43 da Constituci\u00f3n Espa\u00f1ola. <\/p>\n<p>Para seguir avanzando nas melloras das infraestruturas na Atenci\u00f3n Primaria na nosa cidade, desde o Grupo Municipal do Partido Popular entendemos que \u00e9 preciso a construci\u00f3n dun novo Centro de Sa\u00fade no barrio do Sagrado Coraz\u00f3n para as\u00ed ofrecer un mellor servizo aos seus usuarios. <\/p>\n<p>Por todo isto, o Grupo Municipal Popular que suscribe considera de interese municipal que o Pleno da Corporaci\u00f3n Municipal acorde:<\/p>\n<p>1. Instar \u00e1 Xunta de Galicia a realizar todos os tr\u00e1mites precisos para a construci\u00f3n dun novo Centro de Sa\u00fade no barrio do Sagrado do Coraz\u00f3n.<br \/>\n2. Instar o Concello de Lugo a colaborar activamente dentro das s\u00faas competencias, no proceso de construci\u00f3n dun novo centro de sa\u00fade no barrio do Sagrado Coraz\u00f3n, e a colaborar na posta a disposici\u00f3n dos terreos ou inmobles necesarios, garantindo que se atopen na contorna m\u00e1is pr\u00f3xima ao barrio.<\/p>\n","protected":false},"excerpt":{"rendered":"<p>El Grupo Municipal del Partido Popular consigui\u00f3 el apoyo del pleno lucense para que el gobierno local colabore, dentro de sus competencias, con la construcci\u00f3n de un nuevo centro de&#8230;<\/p>\n","protected":false},"author":8,"featured_media":11318,"comment_status":"open","ping_status":"closed","sticky":false,"template":"","format":"standard","meta":{"footnotes":""},"categories":[32,50],"tags":[],"class_list":{"0":"post-11320","1":"post","2":"type-post","3":"status-publish","4":"format-standard","5":"has-post-thumbnail","7":"category-infraestructuras-es","8":"category-proposiciones"},"yoast_head":"<!-- This site is optimized with the Yoast SEO plugin v27.4 - https:\/\/yoast.com\/product\/yoast-seo-wordpress\/ -->\n<title>Unanimidad del pleno en la propuesta del GMPP para la construcci\u00f3n de un nuevo centro de salud en el Sagrado Coraz\u00f3n - Grupo Municipal Partido Popular de Lugo<\/title>\n<meta name=\"robots\" content=\"index, follow, max-snippet:-1, max-image-preview:large, max-video-preview:-1\" \/>\n<link rel=\"canonical\" href=\"https:\/\/www.ppdelugo.com\/es\/unanimidade-do-pleno-na-proposta-do-gmpp-para-a-construcion-dun-novo-centro-de-saude-no-sagrado-corazon\/\" \/>\n<meta property=\"og:locale\" content=\"es_ES\" \/>\n<meta property=\"og:type\" content=\"article\" \/>\n<meta property=\"og:title\" content=\"Unanimidad del pleno en la propuesta del GMPP para la construcci\u00f3n de un nuevo centro de salud en el Sagrado Coraz\u00f3n - Grupo Municipal Partido Popular de Lugo\" \/>\n<meta property=\"og:description\" content=\"El Grupo Municipal del Partido Popular consigui\u00f3 el apoyo del pleno lucense para que el gobierno local colabore, dentro de sus competencias, con la construcci\u00f3n de un nuevo centro de...\" \/>\n<meta property=\"og:url\" content=\"https:\/\/www.ppdelugo.com\/es\/unanimidade-do-pleno-na-proposta-do-gmpp-para-a-construcion-dun-novo-centro-de-saude-no-sagrado-corazon\/\" \/>\n<meta property=\"og:site_name\" content=\"Grupo Municipal Partido Popular de Lugo\" \/>\n<meta property=\"article:published_time\" content=\"2019-11-28T11:06:33+00:00\" \/>\n<meta property=\"article:modified_time\" content=\"2019-11-28T11:08:44+00:00\" \/>\n<meta property=\"og:image\" content=\"https:\/\/www.ppdelugo.com\/wp-content\/uploads\/2019\/11\/Macamen-centro-salud-Sagrado-Coraz\u00f3n-1024x768.jpg\" \/>\n\t<meta property=\"og:image:width\" content=\"1024\" \/>\n\t<meta property=\"og:image:height\" content=\"768\" \/>\n\t<meta property=\"og:image:type\" content=\"image\/jpeg\" \/>\n<meta name=\"author\" content=\"ppdelugo\" \/>\n<meta name=\"twitter:card\" content=\"summary_large_image\" \/>\n<meta name=\"twitter:label1\" content=\"Escrito por\" \/>\n\t<meta name=\"twitter:data1\" content=\"ppdelugo\" \/>\n\t<meta name=\"twitter:label2\" content=\"Tiempo de lectura\" \/>\n\t<meta name=\"twitter:data2\" content=\"1 minuto\" \/>\n<script type=\"application\/ld+json\" class=\"yoast-schema-graph\">{\"@context\":\"https:\\\/\\\/schema.org\",\"@graph\":[{\"@type\":\"Article\",\"@id\":\"https:\\\/\\\/www.ppdelugo.com\\\/es\\\/unanimidade-do-pleno-na-proposta-do-gmpp-para-a-construcion-dun-novo-centro-de-saude-no-sagrado-corazon\\\/#article\",\"isPartOf\":{\"@id\":\"https:\\\/\\\/www.ppdelugo.com\\\/es\\\/unanimidade-do-pleno-na-proposta-do-gmpp-para-a-construcion-dun-novo-centro-de-saude-no-sagrado-corazon\\\/\"},\"author\":{\"name\":\"ppdelugo\",\"@id\":\"https:\\\/\\\/www.ppdelugo.com\\\/es\\\/#\\\/schema\\\/person\\\/4fa17dd371813e2c389a4417775cec48\"},\"headline\":\"Unanimidad del pleno en la propuesta del GMPP para la construcci\u00f3n de un nuevo centro de salud en el Sagrado Coraz\u00f3n\",\"datePublished\":\"2019-11-28T11:06:33+00:00\",\"dateModified\":\"2019-11-28T11:08:44+00:00\",\"mainEntityOfPage\":{\"@id\":\"https:\\\/\\\/www.ppdelugo.com\\\/es\\\/unanimidade-do-pleno-na-proposta-do-gmpp-para-a-construcion-dun-novo-centro-de-saude-no-sagrado-corazon\\\/\"},\"wordCount\":318,\"commentCount\":0,\"image\":{\"@id\":\"https:\\\/\\\/www.ppdelugo.com\\\/es\\\/unanimidade-do-pleno-na-proposta-do-gmpp-para-a-construcion-dun-novo-centro-de-saude-no-sagrado-corazon\\\/#primaryimage\"},\"thumbnailUrl\":\"https:\\\/\\\/www.ppdelugo.com\\\/wp-content\\\/uploads\\\/2019\\\/11\\\/Macamen-centro-salud-Sagrado-Coraz\u00f3n.jpg\",\"articleSection\":[\"Infraestructuras\",\"Proposiciones\"],\"inLanguage\":\"es\",\"potentialAction\":[{\"@type\":\"CommentAction\",\"name\":\"Comment\",\"target\":[\"https:\\\/\\\/www.ppdelugo.com\\\/es\\\/unanimidade-do-pleno-na-proposta-do-gmpp-para-a-construcion-dun-novo-centro-de-saude-no-sagrado-corazon\\\/#respond\"]}]},{\"@type\":\"WebPage\",\"@id\":\"https:\\\/\\\/www.ppdelugo.com\\\/es\\\/unanimidade-do-pleno-na-proposta-do-gmpp-para-a-construcion-dun-novo-centro-de-saude-no-sagrado-corazon\\\/\",\"url\":\"https:\\\/\\\/www.ppdelugo.com\\\/es\\\/unanimidade-do-pleno-na-proposta-do-gmpp-para-a-construcion-dun-novo-centro-de-saude-no-sagrado-corazon\\\/\",\"name\":\"Unanimidad del pleno en la propuesta del GMPP para la construcci\u00f3n de un nuevo centro de salud en el Sagrado Coraz\u00f3n - Grupo Municipal Partido Popular de Lugo\",\"isPartOf\":{\"@id\":\"https:\\\/\\\/www.ppdelugo.com\\\/es\\\/#website\"},\"primaryImageOfPage\":{\"@id\":\"https:\\\/\\\/www.ppdelugo.com\\\/es\\\/unanimidade-do-pleno-na-proposta-do-gmpp-para-a-construcion-dun-novo-centro-de-saude-no-sagrado-corazon\\\/#primaryimage\"},\"image\":{\"@id\":\"https:\\\/\\\/www.ppdelugo.com\\\/es\\\/unanimidade-do-pleno-na-proposta-do-gmpp-para-a-construcion-dun-novo-centro-de-saude-no-sagrado-corazon\\\/#primaryimage\"},\"thumbnailUrl\":\"https:\\\/\\\/www.ppdelugo.com\\\/wp-content\\\/uploads\\\/2019\\\/11\\\/Macamen-centro-salud-Sagrado-Coraz\u00f3n.jpg\",\"datePublished\":\"2019-11-28T11:06:33+00:00\",\"dateModified\":\"2019-11-28T11:08:44+00:00\",\"author\":{\"@id\":\"https:\\\/\\\/www.ppdelugo.com\\\/es\\\/#\\\/schema\\\/person\\\/4fa17dd371813e2c389a4417775cec48\"},\"breadcrumb\":{\"@id\":\"https:\\\/\\\/www.ppdelugo.com\\\/es\\\/unanimidade-do-pleno-na-proposta-do-gmpp-para-a-construcion-dun-novo-centro-de-saude-no-sagrado-corazon\\\/#breadcrumb\"},\"inLanguage\":\"es\",\"potentialAction\":[{\"@type\":\"ReadAction\",\"target\":[\"https:\\\/\\\/www.ppdelugo.com\\\/es\\\/unanimidade-do-pleno-na-proposta-do-gmpp-para-a-construcion-dun-novo-centro-de-saude-no-sagrado-corazon\\\/\"]}]},{\"@type\":\"ImageObject\",\"inLanguage\":\"es\",\"@id\":\"https:\\\/\\\/www.ppdelugo.com\\\/es\\\/unanimidade-do-pleno-na-proposta-do-gmpp-para-a-construcion-dun-novo-centro-de-saude-no-sagrado-corazon\\\/#primaryimage\",\"url\":\"https:\\\/\\\/www.ppdelugo.com\\\/wp-content\\\/uploads\\\/2019\\\/11\\\/Macamen-centro-salud-Sagrado-Coraz\u00f3n.jpg\",\"contentUrl\":\"https:\\\/\\\/www.ppdelugo.com\\\/wp-content\\\/uploads\\\/2019\\\/11\\\/Macamen-centro-salud-Sagrado-Coraz\u00f3n.jpg\",\"width\":4000,\"height\":3000},{\"@type\":\"BreadcrumbList\",\"@id\":\"https:\\\/\\\/www.ppdelugo.com\\\/es\\\/unanimidade-do-pleno-na-proposta-do-gmpp-para-a-construcion-dun-novo-centro-de-saude-no-sagrado-corazon\\\/#breadcrumb\",\"itemListElement\":[{\"@type\":\"ListItem\",\"position\":1,\"name\":\"Portada\",\"item\":\"https:\\\/\\\/www.ppdelugo.com\\\/es\\\/\"},{\"@type\":\"ListItem\",\"position\":2,\"name\":\"Unanimidad del pleno en la propuesta del GMPP para la construcci\u00f3n de un nuevo centro de salud en el Sagrado Coraz\u00f3n\"}]},{\"@type\":\"WebSite\",\"@id\":\"https:\\\/\\\/www.ppdelugo.com\\\/es\\\/#website\",\"url\":\"https:\\\/\\\/www.ppdelugo.com\\\/es\\\/\",\"name\":\"Grupo Municipal Partido Popular de Lugo\",\"description\":\"Web del Grupo Municipal del Partido Popular en el Ayuntamiento de Lugo, con informaci\u00f3n sobre Lugo y fomento de la participaci\u00f3n ciudadana\",\"potentialAction\":[{\"@type\":\"SearchAction\",\"target\":{\"@type\":\"EntryPoint\",\"urlTemplate\":\"https:\\\/\\\/www.ppdelugo.com\\\/es\\\/?s={search_term_string}\"},\"query-input\":{\"@type\":\"PropertyValueSpecification\",\"valueRequired\":true,\"valueName\":\"search_term_string\"}}],\"inLanguage\":\"es\"},{\"@type\":\"Person\",\"@id\":\"https:\\\/\\\/www.ppdelugo.com\\\/es\\\/#\\\/schema\\\/person\\\/4fa17dd371813e2c389a4417775cec48\",\"name\":\"ppdelugo\",\"url\":\"https:\\\/\\\/www.ppdelugo.com\\\/es\\\/author\\\/admin-2\\\/\"}]}<\/script>\n<!-- \/ Yoast SEO plugin. -->","yoast_head_json":{"title":"Unanimidad del pleno en la propuesta del GMPP para la construcci\u00f3n de un nuevo centro de salud en el Sagrado Coraz\u00f3n - Grupo Municipal Partido Popular de Lugo","robots":{"index":"index","follow":"follow","max-snippet":"max-snippet:-1","max-image-preview":"max-image-preview:large","max-video-preview":"max-video-preview:-1"},"canonical":"https:\/\/www.ppdelugo.com\/es\/unanimidade-do-pleno-na-proposta-do-gmpp-para-a-construcion-dun-novo-centro-de-saude-no-sagrado-corazon\/","og_locale":"es_ES","og_type":"article","og_title":"Unanimidad del pleno en la propuesta del GMPP para la construcci\u00f3n de un nuevo centro de salud en el Sagrado Coraz\u00f3n - Grupo Municipal Partido Popular de Lugo","og_description":"El Grupo Municipal del Partido Popular consigui\u00f3 el apoyo del pleno lucense para que el gobierno local colabore, dentro de sus competencias, con la construcci\u00f3n de un nuevo centro de...","og_url":"https:\/\/www.ppdelugo.com\/es\/unanimidade-do-pleno-na-proposta-do-gmpp-para-a-construcion-dun-novo-centro-de-saude-no-sagrado-corazon\/","og_site_name":"Grupo Municipal Partido Popular de Lugo","article_published_time":"2019-11-28T11:06:33+00:00","article_modified_time":"2019-11-28T11:08:44+00:00","og_image":[{"width":1024,"height":768,"url":"https:\/\/www.ppdelugo.com\/wp-content\/uploads\/2019\/11\/Macamen-centro-salud-Sagrado-Coraz\u00f3n-1024x768.jpg","type":"image\/jpeg"}],"author":"ppdelugo","twitter_card":"summary_large_image","twitter_misc":{"Escrito por":"ppdelugo","Tiempo de lectura":"1 minuto"},"schema":{"@context":"https:\/\/schema.org","@graph":[{"@type":"Article","@id":"https:\/\/www.ppdelugo.com\/es\/unanimidade-do-pleno-na-proposta-do-gmpp-para-a-construcion-dun-novo-centro-de-saude-no-sagrado-corazon\/#article","isPartOf":{"@id":"https:\/\/www.ppdelugo.com\/es\/unanimidade-do-pleno-na-proposta-do-gmpp-para-a-construcion-dun-novo-centro-de-saude-no-sagrado-corazon\/"},"author":{"name":"ppdelugo","@id":"https:\/\/www.ppdelugo.com\/es\/#\/schema\/person\/4fa17dd371813e2c389a4417775cec48"},"headline":"Unanimidad del pleno en la propuesta del GMPP para la construcci\u00f3n de un nuevo centro de salud en el Sagrado Coraz\u00f3n","datePublished":"2019-11-28T11:06:33+00:00","dateModified":"2019-11-28T11:08:44+00:00","mainEntityOfPage":{"@id":"https:\/\/www.ppdelugo.com\/es\/unanimidade-do-pleno-na-proposta-do-gmpp-para-a-construcion-dun-novo-centro-de-saude-no-sagrado-corazon\/"},"wordCount":318,"commentCount":0,"image":{"@id":"https:\/\/www.ppdelugo.com\/es\/unanimidade-do-pleno-na-proposta-do-gmpp-para-a-construcion-dun-novo-centro-de-saude-no-sagrado-corazon\/#primaryimage"},"thumbnailUrl":"https:\/\/www.ppdelugo.com\/wp-content\/uploads\/2019\/11\/Macamen-centro-salud-Sagrado-Coraz\u00f3n.jpg","articleSection":["Infraestructuras","Proposiciones"],"inLanguage":"es","potentialAction":[{"@type":"CommentAction","name":"Comment","target":["https:\/\/www.ppdelugo.com\/es\/unanimidade-do-pleno-na-proposta-do-gmpp-para-a-construcion-dun-novo-centro-de-saude-no-sagrado-corazon\/#respond"]}]},{"@type":"WebPage","@id":"https:\/\/www.ppdelugo.com\/es\/unanimidade-do-pleno-na-proposta-do-gmpp-para-a-construcion-dun-novo-centro-de-saude-no-sagrado-corazon\/","url":"https:\/\/www.ppdelugo.com\/es\/unanimidade-do-pleno-na-proposta-do-gmpp-para-a-construcion-dun-novo-centro-de-saude-no-sagrado-corazon\/","name":"Unanimidad del pleno en la propuesta del GMPP para la construcci\u00f3n de un nuevo centro de salud en el Sagrado Coraz\u00f3n - Grupo Municipal Partido Popular de Lugo","isPartOf":{"@id":"https:\/\/www.ppdelugo.com\/es\/#website"},"primaryImageOfPage":{"@id":"https:\/\/www.ppdelugo.com\/es\/unanimidade-do-pleno-na-proposta-do-gmpp-para-a-construcion-dun-novo-centro-de-saude-no-sagrado-corazon\/#primaryimage"},"image":{"@id":"https:\/\/www.ppdelugo.com\/es\/unanimidade-do-pleno-na-proposta-do-gmpp-para-a-construcion-dun-novo-centro-de-saude-no-sagrado-corazon\/#primaryimage"},"thumbnailUrl":"https:\/\/www.ppdelugo.com\/wp-content\/uploads\/2019\/11\/Macamen-centro-salud-Sagrado-Coraz\u00f3n.jpg","datePublished":"2019-11-28T11:06:33+00:00","dateModified":"2019-11-28T11:08:44+00:00","author":{"@id":"https:\/\/www.ppdelugo.com\/es\/#\/schema\/person\/4fa17dd371813e2c389a4417775cec48"},"breadcrumb":{"@id":"https:\/\/www.ppdelugo.com\/es\/unanimidade-do-pleno-na-proposta-do-gmpp-para-a-construcion-dun-novo-centro-de-saude-no-sagrado-corazon\/#breadcrumb"},"inLanguage":"es","potentialAction":[{"@type":"ReadAction","target":["https:\/\/www.ppdelugo.com\/es\/unanimidade-do-pleno-na-proposta-do-gmpp-para-a-construcion-dun-novo-centro-de-saude-no-sagrado-corazon\/"]}]},{"@type":"ImageObject","inLanguage":"es","@id":"https:\/\/www.ppdelugo.com\/es\/unanimidade-do-pleno-na-proposta-do-gmpp-para-a-construcion-dun-novo-centro-de-saude-no-sagrado-corazon\/#primaryimage","url":"https:\/\/www.ppdelugo.com\/wp-content\/uploads\/2019\/11\/Macamen-centro-salud-Sagrado-Coraz\u00f3n.jpg","contentUrl":"https:\/\/www.ppdelugo.com\/wp-content\/uploads\/2019\/11\/Macamen-centro-salud-Sagrado-Coraz\u00f3n.jpg","width":4000,"height":3000},{"@type":"BreadcrumbList","@id":"https:\/\/www.ppdelugo.com\/es\/unanimidade-do-pleno-na-proposta-do-gmpp-para-a-construcion-dun-novo-centro-de-saude-no-sagrado-corazon\/#breadcrumb","itemListElement":[{"@type":"ListItem","position":1,"name":"Portada","item":"https:\/\/www.ppdelugo.com\/es\/"},{"@type":"ListItem","position":2,"name":"Unanimidad del pleno en la propuesta del GMPP para la construcci\u00f3n de un nuevo centro de salud en el Sagrado Coraz\u00f3n"}]},{"@type":"WebSite","@id":"https:\/\/www.ppdelugo.com\/es\/#website","url":"https:\/\/www.ppdelugo.com\/es\/","name":"Grupo Municipal Partido Popular de Lugo","description":"Web del Grupo Municipal del Partido Popular en el Ayuntamiento de Lugo, con informaci\u00f3n sobre Lugo y fomento de la participaci\u00f3n ciudadana","potentialAction":[{"@type":"SearchAction","target":{"@type":"EntryPoint","urlTemplate":"https:\/\/www.ppdelugo.com\/es\/?s={search_term_string}"},"query-input":{"@type":"PropertyValueSpecification","valueRequired":true,"valueName":"search_term_string"}}],"inLanguage":"es"},{"@type":"Person","@id":"https:\/\/www.ppdelugo.com\/es\/#\/schema\/person\/4fa17dd371813e2c389a4417775cec48","name":"ppdelugo","url":"https:\/\/www.ppdelugo.com\/es\/author\/admin-2\/"}]}},"_links":{"self":[{"href":"https:\/\/www.ppdelugo.com\/es\/wp-json\/wp\/v2\/posts\/11320","targetHints":{"allow":["GET"]}}],"collection":[{"href":"https:\/\/www.ppdelugo.com\/es\/wp-json\/wp\/v2\/posts"}],"about":[{"href":"https:\/\/www.ppdelugo.com\/es\/wp-json\/wp\/v2\/types\/post"}],"author":[{"embeddable":true,"href":"https:\/\/www.ppdelugo.com\/es\/wp-json\/wp\/v2\/users\/8"}],"replies":[{"embeddable":true,"href":"https:\/\/www.ppdelugo.com\/es\/wp-json\/wp\/v2\/comments?post=11320"}],"version-history":[{"count":0,"href":"https:\/\/www.ppdelugo.com\/es\/wp-json\/wp\/v2\/posts\/11320\/revisions"}],"wp:featuredmedia":[{"embeddable":true,"href":"https:\/\/www.ppdelugo.com\/es\/wp-json\/wp\/v2\/media\/11318"}],"wp:attachment":[{"href":"https:\/\/www.ppdelugo.com\/es\/wp-json\/wp\/v2\/media?parent=11320"}],"wp:term":[{"taxonomy":"category","embeddable":true,"href":"https:\/\/www.ppdelugo.com\/es\/wp-json\/wp\/v2\/categories?post=11320"},{"taxonomy":"post_tag","embeddable":true,"href":"https:\/\/www.ppdelugo.com\/es\/wp-json\/wp\/v2\/tags?post=11320"}],"curies":[{"name":"wp","href":"https:\/\/api.w.org\/{rel}","templated":true}]}}