{"id":11261,"date":"2019-11-18T17:34:26","date_gmt":"2019-11-18T17:34:26","guid":{"rendered":"http:\/\/www.ppdelugo.com\/?p=11261"},"modified":"2019-11-18T12:41:19","modified_gmt":"2019-11-18T12:41:19","slug":"o-pp-esixe-o-reforzo-inmediato-da-brigada-de-augas-e-un-plan-de-emerxencia-para-arranxar-avarias","status":"publish","type":"post","link":"https:\/\/www.ppdelugo.com\/es\/o-pp-esixe-o-reforzo-inmediato-da-brigada-de-augas-e-un-plan-de-emerxencia-para-arranxar-avarias\/","title":{"rendered":"El PP exige el refuerzo inmediato de la brigada de aguas y un plan de emergencia para arreglar aver\u00edas"},"content":{"rendered":"<p>El concejal del Grupo Municipal del PP Antonio Ameijide denuncia que mientras cientos de lucenses quedaron sin agua durante el fin de semana debido la una rotura en la tuber\u00eda de suministro, \u00c1lvaro Santos, el concejal responsable diera \u00e1rea, no fue capaz ni de \u201ccoger el tel\u00e9fono\u201d para contratar un servicio de reparaci\u00f3n de urgencia<\/p>\n<p><!--more--><\/p>\n<p>O concelleiro do Grupo Municipal do Partido Popular no Concello de Lugo, Antonio Ameijide, denuncia a situaci\u00f3n que centos de lucenses viviron esta fin de semana ao quedar sen o servizo de auga corrente nas s\u00faas vivendas ao sufrir unha nova rotura a tubaxe municipal.<\/p>\n<p>Antonio Ameijide critica a actuaci\u00f3n do goberno local, en concreto do concelleiro \u00c1lvaro Santos, que non foi quen de descolgar o tel\u00e9fono en toda a fin de semana para contratar un servizo privado de urxencia para arranxar a situaci\u00f3n e devolver o subministro de auga corrente aos veci\u00f1os afectados no menor prazo de tempo posible. \u201c\u00c9 incrible como o se\u00f1or \u00c1lvaro Santos se lavou as mans neste asunto, pero o peor \u00e9 que a s\u00faa superior, a alcaldesa, tampouco fixo nada por corrixir a s\u00faa deficiente actuaci\u00f3n e po\u00f1er orde neste asunto\u201d, afirmou.<\/p>\n<p>O concelleiro popular tam\u00e9n aproveita a ocasi\u00f3n para denunciar \u201ca falta de traballo\u201d de \u00c1lvaro Santos, que \u201ca saber que cousas m\u00e1is importantes\u201d ti\u00f1a que facer durante a fin de semana para non po\u00f1erse a traballar nun asunto de urxencia dentro da s\u00faa conceller\u00eda. Ademais, demostrou unha falta total de co\u00f1ecemento, ao supeditar o arranxo das roturas na rede aos vindeiros orzamentos municipais. \u201c\u00c9 unha barbaridade escusar a s\u00faa falta de traballo nos orzamentos. O Concello ten m\u00e1is de 40M\u20ac, polo que a contrataci\u00f3n dun servizo de urxencia para arranxar unha rotura nunha tubaxe \u00e9 factible\u201d, indicou.<\/p>\n<p>\u00c1 falta de traballo de \u00c1lvaro Santos eng\u00e1dese o desmantelamento da brigada de augas, e outros servizos municipais, que realizou o PSOE durante os \u00faltimos 20 anos, o que provocou que, por exemplo, na brigada de augas so conten con 10 operarios para cubrir todas as quendas de traballo. Ademais, aos operarios da brigada de augas d\u00e9benlles entre 3.000 e 4.000\u20ac de gardas e servizos extraordinarios, \u201cpolo que non se lles pode esixir que traballen fora do seu horario de traballo\u201d.<\/p>\n<p>Ante esta situaci\u00f3n, Antonio Ameijide afirma que dende o Grupo Municipal Popular se pedir\u00e1 o reforzo inmediato da brigada de augas, mellorando as s\u00faas condici\u00f3ns laborais e asegurando que se lles pagan os cartos que lles deben, e a creaci\u00f3n dun dispositivo de emerxencia para os momentos nos que a brigada de augas non se atope operativa, xa sexa a trav\u00e9s da contrataci\u00f3n de servizos de urxencias ou outro sistema.<\/p>\n<p>O concelleiro popular sinala que tam\u00e9n se pedir\u00e1n explicaci\u00f3ns ao concelleiro \u00c1lvaro Santos para co\u00f1ecer \u201cque ti\u00f1a que facer durante a fin de semana para non dar soluci\u00f3n a este problema\u201d. \u201c\u00c1lvaro Santos d\u00e1 a impresi\u00f3n de que veu ao Concello de Lugo a abrigarse durante catro anos porque \u00e9 o que demostra coa s\u00faa falta de traballo\u201d, sentenciou.<\/p>\n","protected":false},"excerpt":{"rendered":"<p>El concejal del Grupo Municipal del PP Antonio Ameijide denuncia que mientras cientos de lucenses quedaron sin agua durante el fin de semana debido la una rotura en la tuber\u00eda&#8230;<\/p>\n","protected":false},"author":8,"featured_media":11259,"comment_status":"open","ping_status":"closed","sticky":false,"template":"","format":"standard","meta":{"footnotes":""},"categories":[34],"tags":[],"class_list":{"0":"post-11261","1":"post","2":"type-post","3":"status-publish","4":"format-standard","5":"has-post-thumbnail","7":"category-obras-es"},"yoast_head":"<!-- This site is optimized with the Yoast SEO plugin v27.4 - https:\/\/yoast.com\/product\/yoast-seo-wordpress\/ -->\n<title>El PP exige el refuerzo inmediato de la brigada de aguas y un plan de emergencia para arreglar aver\u00edas - Grupo Municipal Partido Popular de Lugo<\/title>\n<meta name=\"robots\" content=\"index, follow, max-snippet:-1, max-image-preview:large, max-video-preview:-1\" \/>\n<link rel=\"canonical\" href=\"https:\/\/www.ppdelugo.com\/es\/o-pp-esixe-o-reforzo-inmediato-da-brigada-de-augas-e-un-plan-de-emerxencia-para-arranxar-avarias\/\" \/>\n<meta property=\"og:locale\" content=\"es_ES\" \/>\n<meta property=\"og:type\" content=\"article\" \/>\n<meta property=\"og:title\" content=\"El PP exige el refuerzo inmediato de la brigada de aguas y un plan de emergencia para arreglar aver\u00edas - Grupo Municipal Partido Popular de Lugo\" \/>\n<meta property=\"og:description\" content=\"El concejal del Grupo Municipal del PP Antonio Ameijide denuncia que mientras cientos de lucenses quedaron sin agua durante el fin de semana debido la una rotura en la tuber\u00eda...\" \/>\n<meta property=\"og:url\" content=\"https:\/\/www.ppdelugo.com\/es\/o-pp-esixe-o-reforzo-inmediato-da-brigada-de-augas-e-un-plan-de-emerxencia-para-arranxar-avarias\/\" \/>\n<meta property=\"og:site_name\" content=\"Grupo Municipal Partido Popular de Lugo\" \/>\n<meta property=\"article:published_time\" content=\"2019-11-18T17:34:26+00:00\" \/>\n<meta property=\"og:image\" content=\"https:\/\/www.ppdelugo.com\/wp-content\/uploads\/2019\/11\/P1100232-1024x768.jpg\" \/>\n\t<meta property=\"og:image:width\" content=\"1024\" \/>\n\t<meta property=\"og:image:height\" content=\"768\" \/>\n\t<meta property=\"og:image:type\" content=\"image\/jpeg\" \/>\n<meta name=\"author\" content=\"ppdelugo\" \/>\n<meta name=\"twitter:card\" content=\"summary_large_image\" \/>\n<meta name=\"twitter:label1\" content=\"Escrito por\" \/>\n\t<meta name=\"twitter:data1\" content=\"ppdelugo\" \/>\n\t<meta name=\"twitter:label2\" content=\"Tiempo de lectura\" \/>\n\t<meta name=\"twitter:data2\" content=\"3 minutos\" \/>\n<script type=\"application\/ld+json\" class=\"yoast-schema-graph\">{\"@context\":\"https:\\\/\\\/schema.org\",\"@graph\":[{\"@type\":\"Article\",\"@id\":\"https:\\\/\\\/www.ppdelugo.com\\\/es\\\/o-pp-esixe-o-reforzo-inmediato-da-brigada-de-augas-e-un-plan-de-emerxencia-para-arranxar-avarias\\\/#article\",\"isPartOf\":{\"@id\":\"https:\\\/\\\/www.ppdelugo.com\\\/es\\\/o-pp-esixe-o-reforzo-inmediato-da-brigada-de-augas-e-un-plan-de-emerxencia-para-arranxar-avarias\\\/\"},\"author\":{\"name\":\"ppdelugo\",\"@id\":\"https:\\\/\\\/www.ppdelugo.com\\\/es\\\/#\\\/schema\\\/person\\\/4fa17dd371813e2c389a4417775cec48\"},\"headline\":\"El PP exige el refuerzo inmediato de la brigada de aguas y un plan de emergencia para arreglar aver\u00edas\",\"datePublished\":\"2019-11-18T17:34:26+00:00\",\"mainEntityOfPage\":{\"@id\":\"https:\\\/\\\/www.ppdelugo.com\\\/es\\\/o-pp-esixe-o-reforzo-inmediato-da-brigada-de-augas-e-un-plan-de-emerxencia-para-arranxar-avarias\\\/\"},\"wordCount\":551,\"commentCount\":0,\"image\":{\"@id\":\"https:\\\/\\\/www.ppdelugo.com\\\/es\\\/o-pp-esixe-o-reforzo-inmediato-da-brigada-de-augas-e-un-plan-de-emerxencia-para-arranxar-avarias\\\/#primaryimage\"},\"thumbnailUrl\":\"https:\\\/\\\/www.ppdelugo.com\\\/wp-content\\\/uploads\\\/2019\\\/11\\\/P1100232.jpg\",\"articleSection\":[\"Obras\"],\"inLanguage\":\"es\",\"potentialAction\":[{\"@type\":\"CommentAction\",\"name\":\"Comment\",\"target\":[\"https:\\\/\\\/www.ppdelugo.com\\\/es\\\/o-pp-esixe-o-reforzo-inmediato-da-brigada-de-augas-e-un-plan-de-emerxencia-para-arranxar-avarias\\\/#respond\"]}]},{\"@type\":\"WebPage\",\"@id\":\"https:\\\/\\\/www.ppdelugo.com\\\/es\\\/o-pp-esixe-o-reforzo-inmediato-da-brigada-de-augas-e-un-plan-de-emerxencia-para-arranxar-avarias\\\/\",\"url\":\"https:\\\/\\\/www.ppdelugo.com\\\/es\\\/o-pp-esixe-o-reforzo-inmediato-da-brigada-de-augas-e-un-plan-de-emerxencia-para-arranxar-avarias\\\/\",\"name\":\"El PP exige el refuerzo inmediato de la brigada de aguas y un plan de emergencia para arreglar aver\u00edas - Grupo Municipal Partido Popular de Lugo\",\"isPartOf\":{\"@id\":\"https:\\\/\\\/www.ppdelugo.com\\\/es\\\/#website\"},\"primaryImageOfPage\":{\"@id\":\"https:\\\/\\\/www.ppdelugo.com\\\/es\\\/o-pp-esixe-o-reforzo-inmediato-da-brigada-de-augas-e-un-plan-de-emerxencia-para-arranxar-avarias\\\/#primaryimage\"},\"image\":{\"@id\":\"https:\\\/\\\/www.ppdelugo.com\\\/es\\\/o-pp-esixe-o-reforzo-inmediato-da-brigada-de-augas-e-un-plan-de-emerxencia-para-arranxar-avarias\\\/#primaryimage\"},\"thumbnailUrl\":\"https:\\\/\\\/www.ppdelugo.com\\\/wp-content\\\/uploads\\\/2019\\\/11\\\/P1100232.jpg\",\"datePublished\":\"2019-11-18T17:34:26+00:00\",\"author\":{\"@id\":\"https:\\\/\\\/www.ppdelugo.com\\\/es\\\/#\\\/schema\\\/person\\\/4fa17dd371813e2c389a4417775cec48\"},\"breadcrumb\":{\"@id\":\"https:\\\/\\\/www.ppdelugo.com\\\/es\\\/o-pp-esixe-o-reforzo-inmediato-da-brigada-de-augas-e-un-plan-de-emerxencia-para-arranxar-avarias\\\/#breadcrumb\"},\"inLanguage\":\"es\",\"potentialAction\":[{\"@type\":\"ReadAction\",\"target\":[\"https:\\\/\\\/www.ppdelugo.com\\\/es\\\/o-pp-esixe-o-reforzo-inmediato-da-brigada-de-augas-e-un-plan-de-emerxencia-para-arranxar-avarias\\\/\"]}]},{\"@type\":\"ImageObject\",\"inLanguage\":\"es\",\"@id\":\"https:\\\/\\\/www.ppdelugo.com\\\/es\\\/o-pp-esixe-o-reforzo-inmediato-da-brigada-de-augas-e-un-plan-de-emerxencia-para-arranxar-avarias\\\/#primaryimage\",\"url\":\"https:\\\/\\\/www.ppdelugo.com\\\/wp-content\\\/uploads\\\/2019\\\/11\\\/P1100232.jpg\",\"contentUrl\":\"https:\\\/\\\/www.ppdelugo.com\\\/wp-content\\\/uploads\\\/2019\\\/11\\\/P1100232.jpg\",\"width\":4000,\"height\":3000},{\"@type\":\"BreadcrumbList\",\"@id\":\"https:\\\/\\\/www.ppdelugo.com\\\/es\\\/o-pp-esixe-o-reforzo-inmediato-da-brigada-de-augas-e-un-plan-de-emerxencia-para-arranxar-avarias\\\/#breadcrumb\",\"itemListElement\":[{\"@type\":\"ListItem\",\"position\":1,\"name\":\"Portada\",\"item\":\"https:\\\/\\\/www.ppdelugo.com\\\/es\\\/\"},{\"@type\":\"ListItem\",\"position\":2,\"name\":\"El PP exige el refuerzo inmediato de la brigada de aguas y un plan de emergencia para arreglar aver\u00edas\"}]},{\"@type\":\"WebSite\",\"@id\":\"https:\\\/\\\/www.ppdelugo.com\\\/es\\\/#website\",\"url\":\"https:\\\/\\\/www.ppdelugo.com\\\/es\\\/\",\"name\":\"Grupo Municipal Partido Popular de Lugo\",\"description\":\"Web del Grupo Municipal del Partido Popular en el Ayuntamiento de Lugo, con informaci\u00f3n sobre Lugo y fomento de la participaci\u00f3n ciudadana\",\"potentialAction\":[{\"@type\":\"SearchAction\",\"target\":{\"@type\":\"EntryPoint\",\"urlTemplate\":\"https:\\\/\\\/www.ppdelugo.com\\\/es\\\/?s={search_term_string}\"},\"query-input\":{\"@type\":\"PropertyValueSpecification\",\"valueRequired\":true,\"valueName\":\"search_term_string\"}}],\"inLanguage\":\"es\"},{\"@type\":\"Person\",\"@id\":\"https:\\\/\\\/www.ppdelugo.com\\\/es\\\/#\\\/schema\\\/person\\\/4fa17dd371813e2c389a4417775cec48\",\"name\":\"ppdelugo\",\"url\":\"https:\\\/\\\/www.ppdelugo.com\\\/es\\\/author\\\/admin-2\\\/\"}]}<\/script>\n<!-- \/ Yoast SEO plugin. -->","yoast_head_json":{"title":"El PP exige el refuerzo inmediato de la brigada de aguas y un plan de emergencia para arreglar aver\u00edas - Grupo Municipal Partido Popular de Lugo","robots":{"index":"index","follow":"follow","max-snippet":"max-snippet:-1","max-image-preview":"max-image-preview:large","max-video-preview":"max-video-preview:-1"},"canonical":"https:\/\/www.ppdelugo.com\/es\/o-pp-esixe-o-reforzo-inmediato-da-brigada-de-augas-e-un-plan-de-emerxencia-para-arranxar-avarias\/","og_locale":"es_ES","og_type":"article","og_title":"El PP exige el refuerzo inmediato de la brigada de aguas y un plan de emergencia para arreglar aver\u00edas - Grupo Municipal Partido Popular de Lugo","og_description":"El concejal del Grupo Municipal del PP Antonio Ameijide denuncia que mientras cientos de lucenses quedaron sin agua durante el fin de semana debido la una rotura en la tuber\u00eda...","og_url":"https:\/\/www.ppdelugo.com\/es\/o-pp-esixe-o-reforzo-inmediato-da-brigada-de-augas-e-un-plan-de-emerxencia-para-arranxar-avarias\/","og_site_name":"Grupo Municipal Partido Popular de Lugo","article_published_time":"2019-11-18T17:34:26+00:00","og_image":[{"width":1024,"height":768,"url":"https:\/\/www.ppdelugo.com\/wp-content\/uploads\/2019\/11\/P1100232-1024x768.jpg","type":"image\/jpeg"}],"author":"ppdelugo","twitter_card":"summary_large_image","twitter_misc":{"Escrito por":"ppdelugo","Tiempo de lectura":"3 minutos"},"schema":{"@context":"https:\/\/schema.org","@graph":[{"@type":"Article","@id":"https:\/\/www.ppdelugo.com\/es\/o-pp-esixe-o-reforzo-inmediato-da-brigada-de-augas-e-un-plan-de-emerxencia-para-arranxar-avarias\/#article","isPartOf":{"@id":"https:\/\/www.ppdelugo.com\/es\/o-pp-esixe-o-reforzo-inmediato-da-brigada-de-augas-e-un-plan-de-emerxencia-para-arranxar-avarias\/"},"author":{"name":"ppdelugo","@id":"https:\/\/www.ppdelugo.com\/es\/#\/schema\/person\/4fa17dd371813e2c389a4417775cec48"},"headline":"El PP exige el refuerzo inmediato de la brigada de aguas y un plan de emergencia para arreglar aver\u00edas","datePublished":"2019-11-18T17:34:26+00:00","mainEntityOfPage":{"@id":"https:\/\/www.ppdelugo.com\/es\/o-pp-esixe-o-reforzo-inmediato-da-brigada-de-augas-e-un-plan-de-emerxencia-para-arranxar-avarias\/"},"wordCount":551,"commentCount":0,"image":{"@id":"https:\/\/www.ppdelugo.com\/es\/o-pp-esixe-o-reforzo-inmediato-da-brigada-de-augas-e-un-plan-de-emerxencia-para-arranxar-avarias\/#primaryimage"},"thumbnailUrl":"https:\/\/www.ppdelugo.com\/wp-content\/uploads\/2019\/11\/P1100232.jpg","articleSection":["Obras"],"inLanguage":"es","potentialAction":[{"@type":"CommentAction","name":"Comment","target":["https:\/\/www.ppdelugo.com\/es\/o-pp-esixe-o-reforzo-inmediato-da-brigada-de-augas-e-un-plan-de-emerxencia-para-arranxar-avarias\/#respond"]}]},{"@type":"WebPage","@id":"https:\/\/www.ppdelugo.com\/es\/o-pp-esixe-o-reforzo-inmediato-da-brigada-de-augas-e-un-plan-de-emerxencia-para-arranxar-avarias\/","url":"https:\/\/www.ppdelugo.com\/es\/o-pp-esixe-o-reforzo-inmediato-da-brigada-de-augas-e-un-plan-de-emerxencia-para-arranxar-avarias\/","name":"El PP exige el refuerzo inmediato de la brigada de aguas y un plan de emergencia para arreglar aver\u00edas - Grupo Municipal Partido Popular de Lugo","isPartOf":{"@id":"https:\/\/www.ppdelugo.com\/es\/#website"},"primaryImageOfPage":{"@id":"https:\/\/www.ppdelugo.com\/es\/o-pp-esixe-o-reforzo-inmediato-da-brigada-de-augas-e-un-plan-de-emerxencia-para-arranxar-avarias\/#primaryimage"},"image":{"@id":"https:\/\/www.ppdelugo.com\/es\/o-pp-esixe-o-reforzo-inmediato-da-brigada-de-augas-e-un-plan-de-emerxencia-para-arranxar-avarias\/#primaryimage"},"thumbnailUrl":"https:\/\/www.ppdelugo.com\/wp-content\/uploads\/2019\/11\/P1100232.jpg","datePublished":"2019-11-18T17:34:26+00:00","author":{"@id":"https:\/\/www.ppdelugo.com\/es\/#\/schema\/person\/4fa17dd371813e2c389a4417775cec48"},"breadcrumb":{"@id":"https:\/\/www.ppdelugo.com\/es\/o-pp-esixe-o-reforzo-inmediato-da-brigada-de-augas-e-un-plan-de-emerxencia-para-arranxar-avarias\/#breadcrumb"},"inLanguage":"es","potentialAction":[{"@type":"ReadAction","target":["https:\/\/www.ppdelugo.com\/es\/o-pp-esixe-o-reforzo-inmediato-da-brigada-de-augas-e-un-plan-de-emerxencia-para-arranxar-avarias\/"]}]},{"@type":"ImageObject","inLanguage":"es","@id":"https:\/\/www.ppdelugo.com\/es\/o-pp-esixe-o-reforzo-inmediato-da-brigada-de-augas-e-un-plan-de-emerxencia-para-arranxar-avarias\/#primaryimage","url":"https:\/\/www.ppdelugo.com\/wp-content\/uploads\/2019\/11\/P1100232.jpg","contentUrl":"https:\/\/www.ppdelugo.com\/wp-content\/uploads\/2019\/11\/P1100232.jpg","width":4000,"height":3000},{"@type":"BreadcrumbList","@id":"https:\/\/www.ppdelugo.com\/es\/o-pp-esixe-o-reforzo-inmediato-da-brigada-de-augas-e-un-plan-de-emerxencia-para-arranxar-avarias\/#breadcrumb","itemListElement":[{"@type":"ListItem","position":1,"name":"Portada","item":"https:\/\/www.ppdelugo.com\/es\/"},{"@type":"ListItem","position":2,"name":"El PP exige el refuerzo inmediato de la brigada de aguas y un plan de emergencia para arreglar aver\u00edas"}]},{"@type":"WebSite","@id":"https:\/\/www.ppdelugo.com\/es\/#website","url":"https:\/\/www.ppdelugo.com\/es\/","name":"Grupo Municipal Partido Popular de Lugo","description":"Web del Grupo Municipal del Partido Popular en el Ayuntamiento de Lugo, con informaci\u00f3n sobre Lugo y fomento de la participaci\u00f3n ciudadana","potentialAction":[{"@type":"SearchAction","target":{"@type":"EntryPoint","urlTemplate":"https:\/\/www.ppdelugo.com\/es\/?s={search_term_string}"},"query-input":{"@type":"PropertyValueSpecification","valueRequired":true,"valueName":"search_term_string"}}],"inLanguage":"es"},{"@type":"Person","@id":"https:\/\/www.ppdelugo.com\/es\/#\/schema\/person\/4fa17dd371813e2c389a4417775cec48","name":"ppdelugo","url":"https:\/\/www.ppdelugo.com\/es\/author\/admin-2\/"}]}},"_links":{"self":[{"href":"https:\/\/www.ppdelugo.com\/es\/wp-json\/wp\/v2\/posts\/11261","targetHints":{"allow":["GET"]}}],"collection":[{"href":"https:\/\/www.ppdelugo.com\/es\/wp-json\/wp\/v2\/posts"}],"about":[{"href":"https:\/\/www.ppdelugo.com\/es\/wp-json\/wp\/v2\/types\/post"}],"author":[{"embeddable":true,"href":"https:\/\/www.ppdelugo.com\/es\/wp-json\/wp\/v2\/users\/8"}],"replies":[{"embeddable":true,"href":"https:\/\/www.ppdelugo.com\/es\/wp-json\/wp\/v2\/comments?post=11261"}],"version-history":[{"count":0,"href":"https:\/\/www.ppdelugo.com\/es\/wp-json\/wp\/v2\/posts\/11261\/revisions"}],"wp:featuredmedia":[{"embeddable":true,"href":"https:\/\/www.ppdelugo.com\/es\/wp-json\/wp\/v2\/media\/11259"}],"wp:attachment":[{"href":"https:\/\/www.ppdelugo.com\/es\/wp-json\/wp\/v2\/media?parent=11261"}],"wp:term":[{"taxonomy":"category","embeddable":true,"href":"https:\/\/www.ppdelugo.com\/es\/wp-json\/wp\/v2\/categories?post=11261"},{"taxonomy":"post_tag","embeddable":true,"href":"https:\/\/www.ppdelugo.com\/es\/wp-json\/wp\/v2\/tags?post=11261"}],"curies":[{"name":"wp","href":"https:\/\/api.w.org\/{rel}","templated":true}]}}