{"id":11238,"date":"2019-11-16T12:16:08","date_gmt":"2019-11-16T12:16:08","guid":{"rendered":"http:\/\/www.ppdelugo.com\/?p=11238"},"modified":"2019-11-18T12:19:32","modified_gmt":"2019-11-18T12:19:32","slug":"el-pp-denuncia-que-el-abandono-a-lo-que-el-bigoberno-somete-al-parque-de-frigsa-uno-de-los-pulmones-de-lugo","status":"publish","type":"post","link":"https:\/\/www.ppdelugo.com\/es\/el-pp-denuncia-que-el-abandono-a-lo-que-el-bigoberno-somete-al-parque-de-frigsa-uno-de-los-pulmones-de-lugo\/","title":{"rendered":"El PP denuncia que el abandono a lo que el  bigoberno somete al parque de Frigsa, uno de los pulmones de Lugo"},"content":{"rendered":"<p>La concejal del Grupo Municipal del PP Sagrario S\u00e1nchez explica que el  bigoberno deber\u00eda preocuparse m\u00e1s por arreglar todas las aceras y el pavimento de las calles del parque de Frigsa, una zona que fue uno de los centros neur\u00e1lgicos de Lugo y que ahora transmite \u201ctristeza\u201d<\/p>\n<p><!--more--><\/p>\n<p>A concelleira do Grupo Municipal do Partido Popular no Concello de Lugo, Sagrario S\u00e1nchez, lamenta o deixamento do bigoberno co parque de A Milagrosa, m\u00e1is co\u00f1ecido como parque de Frigsa, onde ve\u00f1en de inaugurar un paseo da fama cinematogr\u00e1fica, ao car\u00f3n de numerosas beirarr\u00faas sen mantemento, zonas cheas de suciedade ou zonas de xogos descoidadas, nunha zona que nos \u00faltimos meses empregan como caix\u00f3n de xastre para deixar calquer elemento do mobiliario urbano que se retira da cidade.<\/p>\n<p>Sagrario S\u00e1nchez lamenta a imaxe que se ofrece a todos os lucenses que se achegan ata esta zona verde da cidade, un dos pulm\u00f3ns que hai en Lugo, xa que o bigoberno est\u00e1 facendo que este parque \u201cse bote a perder\u201d debido a total falta de mantemento. \u201cSe queremos facer iniciativas para potenciar o parque, mellor ser\u00eda que o bigoberno comezase por dar un lavado de cara a esta zona\u201d, sinalou.<\/p>\n<p>Antes o parque de Frigsa era unha zona moi concorrida para os lucenses, pero agora, o sentimento que transmite \u201c\u00e9 de abandono e de tristura\u201d. Practicamente todas as zonas verdes precisan dunha intervenci\u00f3n inmediata, as xardineiras est\u00e1n rotas ou a piques de romperse, as zonas de xogo infantil necesitan mellorar a s\u00faa imaxe e aseo e incluso hai buratos de grandes dimensi\u00f3ns sen pechar nas zonas de paso.<\/p>\n<p>Agora mesmo, o parque de Frigsa, lonxe de ser a zona de ocio que congregaba cada d\u00eda a centos de lucenses, converteuse nun punto onde depositar todo o material que non serve para o Concello. Hai meses que o quiosco que se retirou da Praza da Milagrosa por mor das obras de peonalizaci\u00f3n se tirou neste parque ata \u201cnovo aviso\u201d, restos de obra ou pedras que se retiraron doutro punto da cidade. \u201c\u00c9 incrible que un bigoberno que se di progresista e que incluso presume de crear un barrio sostible converta un dos pulm\u00f3ns verdes da cidade nun vertedoiro\u201d, ao que engade que as marquesinas vellas ou rotas do transporte urbano est\u00e1 depositadas por diferentes zonas do parque.<\/p>\n<p>Dende o Grupo Popular vemos que \u00e9 preciso \u201cun plan de acci\u00f3n\u201d para facer un lavado de imaxe ao parque de Frigsa e que volva a ser ese lugar de ocio e de paseo para todos os lucenses, unha zona que nas d\u00faas d\u00e9cadas pasadas era un dos puntos neur\u00e1lxicos da cidade e que co paso do tempo e de gobernos que se cualificaron como progresistas \u201cfixeron diminu\u00edr a s\u00faa importancia, deterior\u00e1ndoo ata o punto de transmitir unha sensaci\u00f3n de abandono e decadencia\u201d.<\/p>\n<p>\u00c9 suficiente con dar un paseo dende a Avenida da Coru\u00f1a, baixando por diante do auditorio Gustavo Freire, para encami\u00f1ar a sa\u00edda por Monte Faro, \u00e1 altura da piscina municipal, para comprobar a falta de limpeza e aseo tanto dentro como nos arredores do parque.<\/p>\n","protected":false},"excerpt":{"rendered":"<p>La concejal del Grupo Municipal del PP Sagrario S\u00e1nchez explica que el bigoberno deber\u00eda preocuparse m\u00e1s por arreglar todas las aceras y el pavimento de las calles del parque de&#8230;<\/p>\n","protected":false},"author":8,"featured_media":11239,"comment_status":"open","ping_status":"closed","sticky":false,"template":"","format":"standard","meta":{"footnotes":""},"categories":[33,72],"tags":[],"class_list":{"0":"post-11238","1":"post","2":"type-post","3":"status-publish","4":"format-standard","5":"has-post-thumbnail","7":"category-medioambiente","8":"category-parques-infantis-es"},"yoast_head":"<!-- This site is optimized with the Yoast SEO plugin v27.4 - https:\/\/yoast.com\/product\/yoast-seo-wordpress\/ -->\n<title>El PP denuncia que el abandono a lo que el bigoberno somete al parque de Frigsa, uno de los pulmones de Lugo - Grupo Municipal Partido Popular de Lugo<\/title>\n<meta name=\"robots\" content=\"index, follow, max-snippet:-1, max-image-preview:large, max-video-preview:-1\" \/>\n<link rel=\"canonical\" href=\"https:\/\/www.ppdelugo.com\/es\/el-pp-denuncia-que-el-abandono-a-lo-que-el-bigoberno-somete-al-parque-de-frigsa-uno-de-los-pulmones-de-lugo\/\" \/>\n<meta property=\"og:locale\" content=\"es_ES\" \/>\n<meta property=\"og:type\" content=\"article\" \/>\n<meta property=\"og:title\" content=\"El PP denuncia que el abandono a lo que el bigoberno somete al parque de Frigsa, uno de los pulmones de Lugo - Grupo Municipal Partido Popular de Lugo\" \/>\n<meta property=\"og:description\" content=\"La concejal del Grupo Municipal del PP Sagrario S\u00e1nchez explica que el bigoberno deber\u00eda preocuparse m\u00e1s por arreglar todas las aceras y el pavimento de las calles del parque de...\" \/>\n<meta property=\"og:url\" content=\"https:\/\/www.ppdelugo.com\/es\/el-pp-denuncia-que-el-abandono-a-lo-que-el-bigoberno-somete-al-parque-de-frigsa-uno-de-los-pulmones-de-lugo\/\" \/>\n<meta property=\"og:site_name\" content=\"Grupo Municipal Partido Popular de Lugo\" \/>\n<meta property=\"article:published_time\" content=\"2019-11-16T12:16:08+00:00\" \/>\n<meta property=\"article:modified_time\" content=\"2019-11-18T12:19:32+00:00\" \/>\n<meta property=\"og:image\" content=\"https:\/\/www.ppdelugo.com\/wp-content\/uploads\/2019\/11\/Kiosko-Milagrosa-Frigsa-1024x768.jpg\" \/>\n\t<meta property=\"og:image:width\" content=\"1024\" \/>\n\t<meta property=\"og:image:height\" content=\"768\" \/>\n\t<meta property=\"og:image:type\" content=\"image\/jpeg\" \/>\n<meta name=\"author\" content=\"ppdelugo\" \/>\n<meta name=\"twitter:card\" content=\"summary_large_image\" \/>\n<meta name=\"twitter:label1\" content=\"Escrito por\" \/>\n\t<meta name=\"twitter:data1\" content=\"ppdelugo\" \/>\n\t<meta name=\"twitter:label2\" content=\"Tiempo de lectura\" \/>\n\t<meta name=\"twitter:data2\" content=\"3 minutos\" \/>\n<script type=\"application\/ld+json\" class=\"yoast-schema-graph\">{\"@context\":\"https:\\\/\\\/schema.org\",\"@graph\":[{\"@type\":\"Article\",\"@id\":\"https:\\\/\\\/www.ppdelugo.com\\\/es\\\/el-pp-denuncia-que-el-abandono-a-lo-que-el-bigoberno-somete-al-parque-de-frigsa-uno-de-los-pulmones-de-lugo\\\/#article\",\"isPartOf\":{\"@id\":\"https:\\\/\\\/www.ppdelugo.com\\\/es\\\/el-pp-denuncia-que-el-abandono-a-lo-que-el-bigoberno-somete-al-parque-de-frigsa-uno-de-los-pulmones-de-lugo\\\/\"},\"author\":{\"name\":\"ppdelugo\",\"@id\":\"https:\\\/\\\/www.ppdelugo.com\\\/es\\\/#\\\/schema\\\/person\\\/4fa17dd371813e2c389a4417775cec48\"},\"headline\":\"El PP denuncia que el abandono a lo que el bigoberno somete al parque de Frigsa, uno de los pulmones de Lugo\",\"datePublished\":\"2019-11-16T12:16:08+00:00\",\"dateModified\":\"2019-11-18T12:19:32+00:00\",\"mainEntityOfPage\":{\"@id\":\"https:\\\/\\\/www.ppdelugo.com\\\/es\\\/el-pp-denuncia-que-el-abandono-a-lo-que-el-bigoberno-somete-al-parque-de-frigsa-uno-de-los-pulmones-de-lugo\\\/\"},\"wordCount\":560,\"commentCount\":0,\"image\":{\"@id\":\"https:\\\/\\\/www.ppdelugo.com\\\/es\\\/el-pp-denuncia-que-el-abandono-a-lo-que-el-bigoberno-somete-al-parque-de-frigsa-uno-de-los-pulmones-de-lugo\\\/#primaryimage\"},\"thumbnailUrl\":\"https:\\\/\\\/www.ppdelugo.com\\\/wp-content\\\/uploads\\\/2019\\\/11\\\/Kiosko-Milagrosa-Frigsa.jpg\",\"articleSection\":[\"Medio Ambiente\",\"Parques infant\u00eds\"],\"inLanguage\":\"es\",\"potentialAction\":[{\"@type\":\"CommentAction\",\"name\":\"Comment\",\"target\":[\"https:\\\/\\\/www.ppdelugo.com\\\/es\\\/el-pp-denuncia-que-el-abandono-a-lo-que-el-bigoberno-somete-al-parque-de-frigsa-uno-de-los-pulmones-de-lugo\\\/#respond\"]}]},{\"@type\":\"WebPage\",\"@id\":\"https:\\\/\\\/www.ppdelugo.com\\\/es\\\/el-pp-denuncia-que-el-abandono-a-lo-que-el-bigoberno-somete-al-parque-de-frigsa-uno-de-los-pulmones-de-lugo\\\/\",\"url\":\"https:\\\/\\\/www.ppdelugo.com\\\/es\\\/el-pp-denuncia-que-el-abandono-a-lo-que-el-bigoberno-somete-al-parque-de-frigsa-uno-de-los-pulmones-de-lugo\\\/\",\"name\":\"El PP denuncia que el abandono a lo que el bigoberno somete al parque de Frigsa, uno de los pulmones de Lugo - Grupo Municipal Partido Popular de Lugo\",\"isPartOf\":{\"@id\":\"https:\\\/\\\/www.ppdelugo.com\\\/es\\\/#website\"},\"primaryImageOfPage\":{\"@id\":\"https:\\\/\\\/www.ppdelugo.com\\\/es\\\/el-pp-denuncia-que-el-abandono-a-lo-que-el-bigoberno-somete-al-parque-de-frigsa-uno-de-los-pulmones-de-lugo\\\/#primaryimage\"},\"image\":{\"@id\":\"https:\\\/\\\/www.ppdelugo.com\\\/es\\\/el-pp-denuncia-que-el-abandono-a-lo-que-el-bigoberno-somete-al-parque-de-frigsa-uno-de-los-pulmones-de-lugo\\\/#primaryimage\"},\"thumbnailUrl\":\"https:\\\/\\\/www.ppdelugo.com\\\/wp-content\\\/uploads\\\/2019\\\/11\\\/Kiosko-Milagrosa-Frigsa.jpg\",\"datePublished\":\"2019-11-16T12:16:08+00:00\",\"dateModified\":\"2019-11-18T12:19:32+00:00\",\"author\":{\"@id\":\"https:\\\/\\\/www.ppdelugo.com\\\/es\\\/#\\\/schema\\\/person\\\/4fa17dd371813e2c389a4417775cec48\"},\"breadcrumb\":{\"@id\":\"https:\\\/\\\/www.ppdelugo.com\\\/es\\\/el-pp-denuncia-que-el-abandono-a-lo-que-el-bigoberno-somete-al-parque-de-frigsa-uno-de-los-pulmones-de-lugo\\\/#breadcrumb\"},\"inLanguage\":\"es\",\"potentialAction\":[{\"@type\":\"ReadAction\",\"target\":[\"https:\\\/\\\/www.ppdelugo.com\\\/es\\\/el-pp-denuncia-que-el-abandono-a-lo-que-el-bigoberno-somete-al-parque-de-frigsa-uno-de-los-pulmones-de-lugo\\\/\"]}]},{\"@type\":\"ImageObject\",\"inLanguage\":\"es\",\"@id\":\"https:\\\/\\\/www.ppdelugo.com\\\/es\\\/el-pp-denuncia-que-el-abandono-a-lo-que-el-bigoberno-somete-al-parque-de-frigsa-uno-de-los-pulmones-de-lugo\\\/#primaryimage\",\"url\":\"https:\\\/\\\/www.ppdelugo.com\\\/wp-content\\\/uploads\\\/2019\\\/11\\\/Kiosko-Milagrosa-Frigsa.jpg\",\"contentUrl\":\"https:\\\/\\\/www.ppdelugo.com\\\/wp-content\\\/uploads\\\/2019\\\/11\\\/Kiosko-Milagrosa-Frigsa.jpg\",\"width\":4032,\"height\":3024},{\"@type\":\"BreadcrumbList\",\"@id\":\"https:\\\/\\\/www.ppdelugo.com\\\/es\\\/el-pp-denuncia-que-el-abandono-a-lo-que-el-bigoberno-somete-al-parque-de-frigsa-uno-de-los-pulmones-de-lugo\\\/#breadcrumb\",\"itemListElement\":[{\"@type\":\"ListItem\",\"position\":1,\"name\":\"Portada\",\"item\":\"https:\\\/\\\/www.ppdelugo.com\\\/es\\\/\"},{\"@type\":\"ListItem\",\"position\":2,\"name\":\"El PP denuncia que el abandono a lo que el bigoberno somete al parque de Frigsa, uno de los pulmones de Lugo\"}]},{\"@type\":\"WebSite\",\"@id\":\"https:\\\/\\\/www.ppdelugo.com\\\/es\\\/#website\",\"url\":\"https:\\\/\\\/www.ppdelugo.com\\\/es\\\/\",\"name\":\"Grupo Municipal Partido Popular de Lugo\",\"description\":\"Web del Grupo Municipal del Partido Popular en el Ayuntamiento de Lugo, con informaci\u00f3n sobre Lugo y fomento de la participaci\u00f3n ciudadana\",\"potentialAction\":[{\"@type\":\"SearchAction\",\"target\":{\"@type\":\"EntryPoint\",\"urlTemplate\":\"https:\\\/\\\/www.ppdelugo.com\\\/es\\\/?s={search_term_string}\"},\"query-input\":{\"@type\":\"PropertyValueSpecification\",\"valueRequired\":true,\"valueName\":\"search_term_string\"}}],\"inLanguage\":\"es\"},{\"@type\":\"Person\",\"@id\":\"https:\\\/\\\/www.ppdelugo.com\\\/es\\\/#\\\/schema\\\/person\\\/4fa17dd371813e2c389a4417775cec48\",\"name\":\"ppdelugo\",\"url\":\"https:\\\/\\\/www.ppdelugo.com\\\/es\\\/author\\\/admin-2\\\/\"}]}<\/script>\n<!-- \/ Yoast SEO plugin. -->","yoast_head_json":{"title":"El PP denuncia que el abandono a lo que el bigoberno somete al parque de Frigsa, uno de los pulmones de Lugo - Grupo Municipal Partido Popular de Lugo","robots":{"index":"index","follow":"follow","max-snippet":"max-snippet:-1","max-image-preview":"max-image-preview:large","max-video-preview":"max-video-preview:-1"},"canonical":"https:\/\/www.ppdelugo.com\/es\/el-pp-denuncia-que-el-abandono-a-lo-que-el-bigoberno-somete-al-parque-de-frigsa-uno-de-los-pulmones-de-lugo\/","og_locale":"es_ES","og_type":"article","og_title":"El PP denuncia que el abandono a lo que el bigoberno somete al parque de Frigsa, uno de los pulmones de Lugo - Grupo Municipal Partido Popular de Lugo","og_description":"La concejal del Grupo Municipal del PP Sagrario S\u00e1nchez explica que el bigoberno deber\u00eda preocuparse m\u00e1s por arreglar todas las aceras y el pavimento de las calles del parque de...","og_url":"https:\/\/www.ppdelugo.com\/es\/el-pp-denuncia-que-el-abandono-a-lo-que-el-bigoberno-somete-al-parque-de-frigsa-uno-de-los-pulmones-de-lugo\/","og_site_name":"Grupo Municipal Partido Popular de Lugo","article_published_time":"2019-11-16T12:16:08+00:00","article_modified_time":"2019-11-18T12:19:32+00:00","og_image":[{"width":1024,"height":768,"url":"https:\/\/www.ppdelugo.com\/wp-content\/uploads\/2019\/11\/Kiosko-Milagrosa-Frigsa-1024x768.jpg","type":"image\/jpeg"}],"author":"ppdelugo","twitter_card":"summary_large_image","twitter_misc":{"Escrito por":"ppdelugo","Tiempo de lectura":"3 minutos"},"schema":{"@context":"https:\/\/schema.org","@graph":[{"@type":"Article","@id":"https:\/\/www.ppdelugo.com\/es\/el-pp-denuncia-que-el-abandono-a-lo-que-el-bigoberno-somete-al-parque-de-frigsa-uno-de-los-pulmones-de-lugo\/#article","isPartOf":{"@id":"https:\/\/www.ppdelugo.com\/es\/el-pp-denuncia-que-el-abandono-a-lo-que-el-bigoberno-somete-al-parque-de-frigsa-uno-de-los-pulmones-de-lugo\/"},"author":{"name":"ppdelugo","@id":"https:\/\/www.ppdelugo.com\/es\/#\/schema\/person\/4fa17dd371813e2c389a4417775cec48"},"headline":"El PP denuncia que el abandono a lo que el bigoberno somete al parque de Frigsa, uno de los pulmones de Lugo","datePublished":"2019-11-16T12:16:08+00:00","dateModified":"2019-11-18T12:19:32+00:00","mainEntityOfPage":{"@id":"https:\/\/www.ppdelugo.com\/es\/el-pp-denuncia-que-el-abandono-a-lo-que-el-bigoberno-somete-al-parque-de-frigsa-uno-de-los-pulmones-de-lugo\/"},"wordCount":560,"commentCount":0,"image":{"@id":"https:\/\/www.ppdelugo.com\/es\/el-pp-denuncia-que-el-abandono-a-lo-que-el-bigoberno-somete-al-parque-de-frigsa-uno-de-los-pulmones-de-lugo\/#primaryimage"},"thumbnailUrl":"https:\/\/www.ppdelugo.com\/wp-content\/uploads\/2019\/11\/Kiosko-Milagrosa-Frigsa.jpg","articleSection":["Medio Ambiente","Parques infant\u00eds"],"inLanguage":"es","potentialAction":[{"@type":"CommentAction","name":"Comment","target":["https:\/\/www.ppdelugo.com\/es\/el-pp-denuncia-que-el-abandono-a-lo-que-el-bigoberno-somete-al-parque-de-frigsa-uno-de-los-pulmones-de-lugo\/#respond"]}]},{"@type":"WebPage","@id":"https:\/\/www.ppdelugo.com\/es\/el-pp-denuncia-que-el-abandono-a-lo-que-el-bigoberno-somete-al-parque-de-frigsa-uno-de-los-pulmones-de-lugo\/","url":"https:\/\/www.ppdelugo.com\/es\/el-pp-denuncia-que-el-abandono-a-lo-que-el-bigoberno-somete-al-parque-de-frigsa-uno-de-los-pulmones-de-lugo\/","name":"El PP denuncia que el abandono a lo que el bigoberno somete al parque de Frigsa, uno de los pulmones de Lugo - Grupo Municipal Partido Popular de Lugo","isPartOf":{"@id":"https:\/\/www.ppdelugo.com\/es\/#website"},"primaryImageOfPage":{"@id":"https:\/\/www.ppdelugo.com\/es\/el-pp-denuncia-que-el-abandono-a-lo-que-el-bigoberno-somete-al-parque-de-frigsa-uno-de-los-pulmones-de-lugo\/#primaryimage"},"image":{"@id":"https:\/\/www.ppdelugo.com\/es\/el-pp-denuncia-que-el-abandono-a-lo-que-el-bigoberno-somete-al-parque-de-frigsa-uno-de-los-pulmones-de-lugo\/#primaryimage"},"thumbnailUrl":"https:\/\/www.ppdelugo.com\/wp-content\/uploads\/2019\/11\/Kiosko-Milagrosa-Frigsa.jpg","datePublished":"2019-11-16T12:16:08+00:00","dateModified":"2019-11-18T12:19:32+00:00","author":{"@id":"https:\/\/www.ppdelugo.com\/es\/#\/schema\/person\/4fa17dd371813e2c389a4417775cec48"},"breadcrumb":{"@id":"https:\/\/www.ppdelugo.com\/es\/el-pp-denuncia-que-el-abandono-a-lo-que-el-bigoberno-somete-al-parque-de-frigsa-uno-de-los-pulmones-de-lugo\/#breadcrumb"},"inLanguage":"es","potentialAction":[{"@type":"ReadAction","target":["https:\/\/www.ppdelugo.com\/es\/el-pp-denuncia-que-el-abandono-a-lo-que-el-bigoberno-somete-al-parque-de-frigsa-uno-de-los-pulmones-de-lugo\/"]}]},{"@type":"ImageObject","inLanguage":"es","@id":"https:\/\/www.ppdelugo.com\/es\/el-pp-denuncia-que-el-abandono-a-lo-que-el-bigoberno-somete-al-parque-de-frigsa-uno-de-los-pulmones-de-lugo\/#primaryimage","url":"https:\/\/www.ppdelugo.com\/wp-content\/uploads\/2019\/11\/Kiosko-Milagrosa-Frigsa.jpg","contentUrl":"https:\/\/www.ppdelugo.com\/wp-content\/uploads\/2019\/11\/Kiosko-Milagrosa-Frigsa.jpg","width":4032,"height":3024},{"@type":"BreadcrumbList","@id":"https:\/\/www.ppdelugo.com\/es\/el-pp-denuncia-que-el-abandono-a-lo-que-el-bigoberno-somete-al-parque-de-frigsa-uno-de-los-pulmones-de-lugo\/#breadcrumb","itemListElement":[{"@type":"ListItem","position":1,"name":"Portada","item":"https:\/\/www.ppdelugo.com\/es\/"},{"@type":"ListItem","position":2,"name":"El PP denuncia que el abandono a lo que el bigoberno somete al parque de Frigsa, uno de los pulmones de Lugo"}]},{"@type":"WebSite","@id":"https:\/\/www.ppdelugo.com\/es\/#website","url":"https:\/\/www.ppdelugo.com\/es\/","name":"Grupo Municipal Partido Popular de Lugo","description":"Web del Grupo Municipal del Partido Popular en el Ayuntamiento de Lugo, con informaci\u00f3n sobre Lugo y fomento de la participaci\u00f3n ciudadana","potentialAction":[{"@type":"SearchAction","target":{"@type":"EntryPoint","urlTemplate":"https:\/\/www.ppdelugo.com\/es\/?s={search_term_string}"},"query-input":{"@type":"PropertyValueSpecification","valueRequired":true,"valueName":"search_term_string"}}],"inLanguage":"es"},{"@type":"Person","@id":"https:\/\/www.ppdelugo.com\/es\/#\/schema\/person\/4fa17dd371813e2c389a4417775cec48","name":"ppdelugo","url":"https:\/\/www.ppdelugo.com\/es\/author\/admin-2\/"}]}},"_links":{"self":[{"href":"https:\/\/www.ppdelugo.com\/es\/wp-json\/wp\/v2\/posts\/11238","targetHints":{"allow":["GET"]}}],"collection":[{"href":"https:\/\/www.ppdelugo.com\/es\/wp-json\/wp\/v2\/posts"}],"about":[{"href":"https:\/\/www.ppdelugo.com\/es\/wp-json\/wp\/v2\/types\/post"}],"author":[{"embeddable":true,"href":"https:\/\/www.ppdelugo.com\/es\/wp-json\/wp\/v2\/users\/8"}],"replies":[{"embeddable":true,"href":"https:\/\/www.ppdelugo.com\/es\/wp-json\/wp\/v2\/comments?post=11238"}],"version-history":[{"count":0,"href":"https:\/\/www.ppdelugo.com\/es\/wp-json\/wp\/v2\/posts\/11238\/revisions"}],"wp:featuredmedia":[{"embeddable":true,"href":"https:\/\/www.ppdelugo.com\/es\/wp-json\/wp\/v2\/media\/11239"}],"wp:attachment":[{"href":"https:\/\/www.ppdelugo.com\/es\/wp-json\/wp\/v2\/media?parent=11238"}],"wp:term":[{"taxonomy":"category","embeddable":true,"href":"https:\/\/www.ppdelugo.com\/es\/wp-json\/wp\/v2\/categories?post=11238"},{"taxonomy":"post_tag","embeddable":true,"href":"https:\/\/www.ppdelugo.com\/es\/wp-json\/wp\/v2\/tags?post=11238"}],"curies":[{"name":"wp","href":"https:\/\/api.w.org\/{rel}","templated":true}]}}