{"id":11235,"date":"2019-11-15T12:09:24","date_gmt":"2019-11-15T12:09:24","guid":{"rendered":"http:\/\/www.ppdelugo.com\/o-pp-pide-acceder-a-13-edificios-que-os-socialistas-abandonaron-cuxo-valor-patrimonial-supera-os-142me\/"},"modified":"2019-11-18T12:15:20","modified_gmt":"2019-11-18T12:15:20","slug":"o-pp-pide-acceder-a-13-edificios-que-os-socialistas-abandonaron-cuxo-valor-patrimonial-supera-os-142me","status":"publish","type":"post","link":"https:\/\/www.ppdelugo.com\/es\/o-pp-pide-acceder-a-13-edificios-que-os-socialistas-abandonaron-cuxo-valor-patrimonial-supera-os-142me\/","title":{"rendered":"El PP pide acceder la 13 edificios que los socialistas abandonaron cuyo valor patrimonial supera los 14,2M\u20ac"},"content":{"rendered":"<p>Los populares registran una proposici\u00f3n para conocer el estado real de la colecci\u00f3n de inmuebles  sin utilidad, propiedad del ayuntamiento, lamentando que los socialistas lleven tres a\u00f1os \u201c impedindonos  sistem\u00e1ticamete el acceso a los mismos, y que  en 20 a\u00f1os en vez de buscar alternativas para reutilizarlos los hab\u00edan dejado abandonar, desvalijar y caer\u201d<\/p>\n<p><!--more--><\/p>\n<p>O vicevoceiro popular Antonio Ameijide asegura que o \u201ctour tur\u00edstico da vergo\u00f1a do bipartito\u201d debe ampliarse a todos os edificios municipais abandonados e sen uso que hai no municipio. Para o popular \u00e9 necesario establecer un plan de aproveitamento daqueles inmobles que son recuperables \u201cqueremos que se faga un listado completo de edificios abandonados; determinar cales son recuperables e cales deben desmantelarse; consensuar usos futuros e cuantificar os custes da s\u00faa reapertura\u201d.<\/p>\n<p>Para Ameijide un punto de partida para arrancar este programa de reutilizaci\u00f3n de edificios propiedade do concello \u00e9 realizar visitas aos mesmos lembrando que \u201co PSOE leva case tres anos impedindo o acceso aos concelleiros do PP que solicitaron visitar todas estas instalaci\u00f3ns. Queremos co\u00f1ecer de primeira man o estado real as\u00ed como o potencial\u201d.<\/p>\n<p>O vicevoceiro dos populares explicou que o PSOE votou en contra en 2017 de permitir o acceso ao Grupo Popular a estes inmobles, inclu\u00eddo o cuartel de San Fernando \u201cqueren ocultar a s\u00faa inacci\u00f3n e o seu desprezo polo patrimonio municipal\u201d.<\/p>\n<p>Ameijide cuantificaba en 14.211.836,06 M\u20ac o valor de nove inmobles que est\u00e1n deteriorados e sen uso como son: o cuartel de San Fernando (2.412.695,07 \u20ac), a fabrica luz (1.292.591,89 \u20ac),  un edificio que albergou no seu d\u00eda obradoiros e que poder\u00eda destinarse a Museo a vella depuradora (2.386.923 \u20ac); a vella potabilizadora (1.279.876 \u20ac), que est\u00e1 na estrada de Ombreiro podr\u00eda estar destinado a una escuela de pesca, un museo del agua\u2026o vello matadoiro (935.623,01\u20ac);  que se poder\u00eda utilizar para diversos usos municipais (almac\u00e9n, garaxe \u2026) ou alugalo ou ben cedelo a entidades sociais escolas rurais de diferentes parroquias destacando a escola de Labio (13.709 \u20ac); a escola de Cabanas (271.440 \u20ac) e mesmo, os dep\u00f3sitos de Frigsa (110.196,78\u20ac) e a Piringalla, a paxareira do parque de Rosal\u00eda de Castro, as construci\u00f3ns do Campo da Feira de Nadela.<\/p>\n<p>A proposta que elevar\u00e1 a pleno o Grupo Popular \u00e9 crear unha mesa de traballo, con representaci\u00f3n dos grupos da corporaci\u00f3n e t\u00e9cnicos, para elaborar unha proposta conxunta co \u00e1nimo de recuperar e po\u00f1er en valor todos estos edificios, que son de titulariedade municipal, e que na actualidade est\u00e1n sen uso. <\/p>\n<p>Ameijide resum\u00eda que \u201chai alg\u00fans inmobles que poden ser irrecuperables como a vella depuradora, que est\u00e1 desvalixada e se converteu nunha zona perigosa, polo que haber\u00eda que plantexarse descontaminar a zona tal e como se fixo na vella residencia\u201d; noutros casos como a potabilizadora te\u00f1en un potencial valioso para actividades deportivas ou de ocio. Os vellos dep\u00f3sitos ou a nave do matadorio son construci\u00f3ns aproveitables e moi vers\u00e1tiles cun m\u00ednimo acondicionamento.<\/p>\n<p>Para o Antonio Ameijide \u201co abandono e o saqueo non \u00e9 unha opci\u00f3n para estes edificios p\u00fablicos\u201d manifestando que \u201chai que dese\u00f1ar unha folla de ruta e incorporar estas propiedades ao dese\u00f1o do futuro de Lugo\u201d.<\/p>\n","protected":false},"excerpt":{"rendered":"<p>Los populares registran una proposici\u00f3n para conocer el estado real de la colecci\u00f3n de inmuebles sin utilidad, propiedad del ayuntamiento, lamentando que los socialistas lleven tres a\u00f1os \u201c impedindonos sistem\u00e1ticamete&#8230;<\/p>\n","protected":false},"author":8,"featured_media":11233,"comment_status":"open","ping_status":"closed","sticky":false,"template":"","format":"standard","meta":{"footnotes":""},"categories":[31,32,39],"tags":[],"class_list":{"0":"post-11235","1":"post","2":"type-post","3":"status-publish","4":"format-standard","5":"has-post-thumbnail","7":"category-economia-es","8":"category-infraestructuras-es","9":"category-transparencia-es"},"yoast_head":"<!-- This site is optimized with the Yoast SEO plugin v27.4 - https:\/\/yoast.com\/product\/yoast-seo-wordpress\/ -->\n<title>El PP pide acceder la 13 edificios que los socialistas abandonaron cuyo valor patrimonial supera los 14,2M\u20ac - Grupo Municipal Partido Popular de Lugo<\/title>\n<meta name=\"robots\" content=\"index, follow, max-snippet:-1, max-image-preview:large, max-video-preview:-1\" \/>\n<link rel=\"canonical\" href=\"https:\/\/www.ppdelugo.com\/es\/o-pp-pide-acceder-a-13-edificios-que-os-socialistas-abandonaron-cuxo-valor-patrimonial-supera-os-142me\/\" \/>\n<meta property=\"og:locale\" content=\"es_ES\" \/>\n<meta property=\"og:type\" content=\"article\" \/>\n<meta property=\"og:title\" content=\"El PP pide acceder la 13 edificios que los socialistas abandonaron cuyo valor patrimonial supera los 14,2M\u20ac - Grupo Municipal Partido Popular de Lugo\" \/>\n<meta property=\"og:description\" content=\"Los populares registran una proposici\u00f3n para conocer el estado real de la colecci\u00f3n de inmuebles sin utilidad, propiedad del ayuntamiento, lamentando que los socialistas lleven tres a\u00f1os \u201c impedindonos sistem\u00e1ticamete...\" \/>\n<meta property=\"og:url\" content=\"https:\/\/www.ppdelugo.com\/es\/o-pp-pide-acceder-a-13-edificios-que-os-socialistas-abandonaron-cuxo-valor-patrimonial-supera-os-142me\/\" \/>\n<meta property=\"og:site_name\" content=\"Grupo Municipal Partido Popular de Lugo\" \/>\n<meta property=\"article:published_time\" content=\"2019-11-15T12:09:24+00:00\" \/>\n<meta property=\"article:modified_time\" content=\"2019-11-18T12:15:20+00:00\" \/>\n<meta property=\"og:image\" content=\"https:\/\/www.ppdelugo.com\/wp-content\/uploads\/2019\/11\/F\u00e1brica-luz-1024x768.jpg\" \/>\n\t<meta property=\"og:image:width\" content=\"1024\" \/>\n\t<meta property=\"og:image:height\" content=\"768\" \/>\n\t<meta property=\"og:image:type\" content=\"image\/jpeg\" \/>\n<meta name=\"author\" content=\"ppdelugo\" \/>\n<meta name=\"twitter:card\" content=\"summary_large_image\" \/>\n<meta name=\"twitter:label1\" content=\"Escrito por\" \/>\n\t<meta name=\"twitter:data1\" content=\"ppdelugo\" \/>\n\t<meta name=\"twitter:label2\" content=\"Tiempo de lectura\" \/>\n\t<meta name=\"twitter:data2\" content=\"3 minutos\" \/>\n<script type=\"application\/ld+json\" class=\"yoast-schema-graph\">{\"@context\":\"https:\\\/\\\/schema.org\",\"@graph\":[{\"@type\":\"Article\",\"@id\":\"https:\\\/\\\/www.ppdelugo.com\\\/es\\\/o-pp-pide-acceder-a-13-edificios-que-os-socialistas-abandonaron-cuxo-valor-patrimonial-supera-os-142me\\\/#article\",\"isPartOf\":{\"@id\":\"https:\\\/\\\/www.ppdelugo.com\\\/es\\\/o-pp-pide-acceder-a-13-edificios-que-os-socialistas-abandonaron-cuxo-valor-patrimonial-supera-os-142me\\\/\"},\"author\":{\"name\":\"ppdelugo\",\"@id\":\"https:\\\/\\\/www.ppdelugo.com\\\/es\\\/#\\\/schema\\\/person\\\/4fa17dd371813e2c389a4417775cec48\"},\"headline\":\"El PP pide acceder la 13 edificios que los socialistas abandonaron cuyo valor patrimonial supera los 14,2M\u20ac\",\"datePublished\":\"2019-11-15T12:09:24+00:00\",\"dateModified\":\"2019-11-18T12:15:20+00:00\",\"mainEntityOfPage\":{\"@id\":\"https:\\\/\\\/www.ppdelugo.com\\\/es\\\/o-pp-pide-acceder-a-13-edificios-que-os-socialistas-abandonaron-cuxo-valor-patrimonial-supera-os-142me\\\/\"},\"wordCount\":553,\"commentCount\":0,\"image\":{\"@id\":\"https:\\\/\\\/www.ppdelugo.com\\\/es\\\/o-pp-pide-acceder-a-13-edificios-que-os-socialistas-abandonaron-cuxo-valor-patrimonial-supera-os-142me\\\/#primaryimage\"},\"thumbnailUrl\":\"https:\\\/\\\/www.ppdelugo.com\\\/wp-content\\\/uploads\\\/2019\\\/11\\\/F\u00e1brica-luz.jpg\",\"articleSection\":[\"Econom\u00eda\",\"Infraestructuras\",\"transparencia\"],\"inLanguage\":\"es\",\"potentialAction\":[{\"@type\":\"CommentAction\",\"name\":\"Comment\",\"target\":[\"https:\\\/\\\/www.ppdelugo.com\\\/es\\\/o-pp-pide-acceder-a-13-edificios-que-os-socialistas-abandonaron-cuxo-valor-patrimonial-supera-os-142me\\\/#respond\"]}]},{\"@type\":\"WebPage\",\"@id\":\"https:\\\/\\\/www.ppdelugo.com\\\/es\\\/o-pp-pide-acceder-a-13-edificios-que-os-socialistas-abandonaron-cuxo-valor-patrimonial-supera-os-142me\\\/\",\"url\":\"https:\\\/\\\/www.ppdelugo.com\\\/es\\\/o-pp-pide-acceder-a-13-edificios-que-os-socialistas-abandonaron-cuxo-valor-patrimonial-supera-os-142me\\\/\",\"name\":\"El PP pide acceder la 13 edificios que los socialistas abandonaron cuyo valor patrimonial supera los 14,2M\u20ac - Grupo Municipal Partido Popular de Lugo\",\"isPartOf\":{\"@id\":\"https:\\\/\\\/www.ppdelugo.com\\\/es\\\/#website\"},\"primaryImageOfPage\":{\"@id\":\"https:\\\/\\\/www.ppdelugo.com\\\/es\\\/o-pp-pide-acceder-a-13-edificios-que-os-socialistas-abandonaron-cuxo-valor-patrimonial-supera-os-142me\\\/#primaryimage\"},\"image\":{\"@id\":\"https:\\\/\\\/www.ppdelugo.com\\\/es\\\/o-pp-pide-acceder-a-13-edificios-que-os-socialistas-abandonaron-cuxo-valor-patrimonial-supera-os-142me\\\/#primaryimage\"},\"thumbnailUrl\":\"https:\\\/\\\/www.ppdelugo.com\\\/wp-content\\\/uploads\\\/2019\\\/11\\\/F\u00e1brica-luz.jpg\",\"datePublished\":\"2019-11-15T12:09:24+00:00\",\"dateModified\":\"2019-11-18T12:15:20+00:00\",\"author\":{\"@id\":\"https:\\\/\\\/www.ppdelugo.com\\\/es\\\/#\\\/schema\\\/person\\\/4fa17dd371813e2c389a4417775cec48\"},\"breadcrumb\":{\"@id\":\"https:\\\/\\\/www.ppdelugo.com\\\/es\\\/o-pp-pide-acceder-a-13-edificios-que-os-socialistas-abandonaron-cuxo-valor-patrimonial-supera-os-142me\\\/#breadcrumb\"},\"inLanguage\":\"es\",\"potentialAction\":[{\"@type\":\"ReadAction\",\"target\":[\"https:\\\/\\\/www.ppdelugo.com\\\/es\\\/o-pp-pide-acceder-a-13-edificios-que-os-socialistas-abandonaron-cuxo-valor-patrimonial-supera-os-142me\\\/\"]}]},{\"@type\":\"ImageObject\",\"inLanguage\":\"es\",\"@id\":\"https:\\\/\\\/www.ppdelugo.com\\\/es\\\/o-pp-pide-acceder-a-13-edificios-que-os-socialistas-abandonaron-cuxo-valor-patrimonial-supera-os-142me\\\/#primaryimage\",\"url\":\"https:\\\/\\\/www.ppdelugo.com\\\/wp-content\\\/uploads\\\/2019\\\/11\\\/F\u00e1brica-luz.jpg\",\"contentUrl\":\"https:\\\/\\\/www.ppdelugo.com\\\/wp-content\\\/uploads\\\/2019\\\/11\\\/F\u00e1brica-luz.jpg\",\"width\":4000,\"height\":3000},{\"@type\":\"BreadcrumbList\",\"@id\":\"https:\\\/\\\/www.ppdelugo.com\\\/es\\\/o-pp-pide-acceder-a-13-edificios-que-os-socialistas-abandonaron-cuxo-valor-patrimonial-supera-os-142me\\\/#breadcrumb\",\"itemListElement\":[{\"@type\":\"ListItem\",\"position\":1,\"name\":\"Portada\",\"item\":\"https:\\\/\\\/www.ppdelugo.com\\\/es\\\/\"},{\"@type\":\"ListItem\",\"position\":2,\"name\":\"El PP pide acceder la 13 edificios que los socialistas abandonaron cuyo valor patrimonial supera los 14,2M\u20ac\"}]},{\"@type\":\"WebSite\",\"@id\":\"https:\\\/\\\/www.ppdelugo.com\\\/es\\\/#website\",\"url\":\"https:\\\/\\\/www.ppdelugo.com\\\/es\\\/\",\"name\":\"Grupo Municipal Partido Popular de Lugo\",\"description\":\"Web del Grupo Municipal del Partido Popular en el Ayuntamiento de Lugo, con informaci\u00f3n sobre Lugo y fomento de la participaci\u00f3n ciudadana\",\"potentialAction\":[{\"@type\":\"SearchAction\",\"target\":{\"@type\":\"EntryPoint\",\"urlTemplate\":\"https:\\\/\\\/www.ppdelugo.com\\\/es\\\/?s={search_term_string}\"},\"query-input\":{\"@type\":\"PropertyValueSpecification\",\"valueRequired\":true,\"valueName\":\"search_term_string\"}}],\"inLanguage\":\"es\"},{\"@type\":\"Person\",\"@id\":\"https:\\\/\\\/www.ppdelugo.com\\\/es\\\/#\\\/schema\\\/person\\\/4fa17dd371813e2c389a4417775cec48\",\"name\":\"ppdelugo\",\"url\":\"https:\\\/\\\/www.ppdelugo.com\\\/es\\\/author\\\/admin-2\\\/\"}]}<\/script>\n<!-- \/ Yoast SEO plugin. -->","yoast_head_json":{"title":"El PP pide acceder la 13 edificios que los socialistas abandonaron cuyo valor patrimonial supera los 14,2M\u20ac - Grupo Municipal Partido Popular de Lugo","robots":{"index":"index","follow":"follow","max-snippet":"max-snippet:-1","max-image-preview":"max-image-preview:large","max-video-preview":"max-video-preview:-1"},"canonical":"https:\/\/www.ppdelugo.com\/es\/o-pp-pide-acceder-a-13-edificios-que-os-socialistas-abandonaron-cuxo-valor-patrimonial-supera-os-142me\/","og_locale":"es_ES","og_type":"article","og_title":"El PP pide acceder la 13 edificios que los socialistas abandonaron cuyo valor patrimonial supera los 14,2M\u20ac - Grupo Municipal Partido Popular de Lugo","og_description":"Los populares registran una proposici\u00f3n para conocer el estado real de la colecci\u00f3n de inmuebles sin utilidad, propiedad del ayuntamiento, lamentando que los socialistas lleven tres a\u00f1os \u201c impedindonos sistem\u00e1ticamete...","og_url":"https:\/\/www.ppdelugo.com\/es\/o-pp-pide-acceder-a-13-edificios-que-os-socialistas-abandonaron-cuxo-valor-patrimonial-supera-os-142me\/","og_site_name":"Grupo Municipal Partido Popular de Lugo","article_published_time":"2019-11-15T12:09:24+00:00","article_modified_time":"2019-11-18T12:15:20+00:00","og_image":[{"width":1024,"height":768,"url":"https:\/\/www.ppdelugo.com\/wp-content\/uploads\/2019\/11\/F\u00e1brica-luz-1024x768.jpg","type":"image\/jpeg"}],"author":"ppdelugo","twitter_card":"summary_large_image","twitter_misc":{"Escrito por":"ppdelugo","Tiempo de lectura":"3 minutos"},"schema":{"@context":"https:\/\/schema.org","@graph":[{"@type":"Article","@id":"https:\/\/www.ppdelugo.com\/es\/o-pp-pide-acceder-a-13-edificios-que-os-socialistas-abandonaron-cuxo-valor-patrimonial-supera-os-142me\/#article","isPartOf":{"@id":"https:\/\/www.ppdelugo.com\/es\/o-pp-pide-acceder-a-13-edificios-que-os-socialistas-abandonaron-cuxo-valor-patrimonial-supera-os-142me\/"},"author":{"name":"ppdelugo","@id":"https:\/\/www.ppdelugo.com\/es\/#\/schema\/person\/4fa17dd371813e2c389a4417775cec48"},"headline":"El PP pide acceder la 13 edificios que los socialistas abandonaron cuyo valor patrimonial supera los 14,2M\u20ac","datePublished":"2019-11-15T12:09:24+00:00","dateModified":"2019-11-18T12:15:20+00:00","mainEntityOfPage":{"@id":"https:\/\/www.ppdelugo.com\/es\/o-pp-pide-acceder-a-13-edificios-que-os-socialistas-abandonaron-cuxo-valor-patrimonial-supera-os-142me\/"},"wordCount":553,"commentCount":0,"image":{"@id":"https:\/\/www.ppdelugo.com\/es\/o-pp-pide-acceder-a-13-edificios-que-os-socialistas-abandonaron-cuxo-valor-patrimonial-supera-os-142me\/#primaryimage"},"thumbnailUrl":"https:\/\/www.ppdelugo.com\/wp-content\/uploads\/2019\/11\/F\u00e1brica-luz.jpg","articleSection":["Econom\u00eda","Infraestructuras","transparencia"],"inLanguage":"es","potentialAction":[{"@type":"CommentAction","name":"Comment","target":["https:\/\/www.ppdelugo.com\/es\/o-pp-pide-acceder-a-13-edificios-que-os-socialistas-abandonaron-cuxo-valor-patrimonial-supera-os-142me\/#respond"]}]},{"@type":"WebPage","@id":"https:\/\/www.ppdelugo.com\/es\/o-pp-pide-acceder-a-13-edificios-que-os-socialistas-abandonaron-cuxo-valor-patrimonial-supera-os-142me\/","url":"https:\/\/www.ppdelugo.com\/es\/o-pp-pide-acceder-a-13-edificios-que-os-socialistas-abandonaron-cuxo-valor-patrimonial-supera-os-142me\/","name":"El PP pide acceder la 13 edificios que los socialistas abandonaron cuyo valor patrimonial supera los 14,2M\u20ac - Grupo Municipal Partido Popular de Lugo","isPartOf":{"@id":"https:\/\/www.ppdelugo.com\/es\/#website"},"primaryImageOfPage":{"@id":"https:\/\/www.ppdelugo.com\/es\/o-pp-pide-acceder-a-13-edificios-que-os-socialistas-abandonaron-cuxo-valor-patrimonial-supera-os-142me\/#primaryimage"},"image":{"@id":"https:\/\/www.ppdelugo.com\/es\/o-pp-pide-acceder-a-13-edificios-que-os-socialistas-abandonaron-cuxo-valor-patrimonial-supera-os-142me\/#primaryimage"},"thumbnailUrl":"https:\/\/www.ppdelugo.com\/wp-content\/uploads\/2019\/11\/F\u00e1brica-luz.jpg","datePublished":"2019-11-15T12:09:24+00:00","dateModified":"2019-11-18T12:15:20+00:00","author":{"@id":"https:\/\/www.ppdelugo.com\/es\/#\/schema\/person\/4fa17dd371813e2c389a4417775cec48"},"breadcrumb":{"@id":"https:\/\/www.ppdelugo.com\/es\/o-pp-pide-acceder-a-13-edificios-que-os-socialistas-abandonaron-cuxo-valor-patrimonial-supera-os-142me\/#breadcrumb"},"inLanguage":"es","potentialAction":[{"@type":"ReadAction","target":["https:\/\/www.ppdelugo.com\/es\/o-pp-pide-acceder-a-13-edificios-que-os-socialistas-abandonaron-cuxo-valor-patrimonial-supera-os-142me\/"]}]},{"@type":"ImageObject","inLanguage":"es","@id":"https:\/\/www.ppdelugo.com\/es\/o-pp-pide-acceder-a-13-edificios-que-os-socialistas-abandonaron-cuxo-valor-patrimonial-supera-os-142me\/#primaryimage","url":"https:\/\/www.ppdelugo.com\/wp-content\/uploads\/2019\/11\/F\u00e1brica-luz.jpg","contentUrl":"https:\/\/www.ppdelugo.com\/wp-content\/uploads\/2019\/11\/F\u00e1brica-luz.jpg","width":4000,"height":3000},{"@type":"BreadcrumbList","@id":"https:\/\/www.ppdelugo.com\/es\/o-pp-pide-acceder-a-13-edificios-que-os-socialistas-abandonaron-cuxo-valor-patrimonial-supera-os-142me\/#breadcrumb","itemListElement":[{"@type":"ListItem","position":1,"name":"Portada","item":"https:\/\/www.ppdelugo.com\/es\/"},{"@type":"ListItem","position":2,"name":"El PP pide acceder la 13 edificios que los socialistas abandonaron cuyo valor patrimonial supera los 14,2M\u20ac"}]},{"@type":"WebSite","@id":"https:\/\/www.ppdelugo.com\/es\/#website","url":"https:\/\/www.ppdelugo.com\/es\/","name":"Grupo Municipal Partido Popular de Lugo","description":"Web del Grupo Municipal del Partido Popular en el Ayuntamiento de Lugo, con informaci\u00f3n sobre Lugo y fomento de la participaci\u00f3n ciudadana","potentialAction":[{"@type":"SearchAction","target":{"@type":"EntryPoint","urlTemplate":"https:\/\/www.ppdelugo.com\/es\/?s={search_term_string}"},"query-input":{"@type":"PropertyValueSpecification","valueRequired":true,"valueName":"search_term_string"}}],"inLanguage":"es"},{"@type":"Person","@id":"https:\/\/www.ppdelugo.com\/es\/#\/schema\/person\/4fa17dd371813e2c389a4417775cec48","name":"ppdelugo","url":"https:\/\/www.ppdelugo.com\/es\/author\/admin-2\/"}]}},"_links":{"self":[{"href":"https:\/\/www.ppdelugo.com\/es\/wp-json\/wp\/v2\/posts\/11235","targetHints":{"allow":["GET"]}}],"collection":[{"href":"https:\/\/www.ppdelugo.com\/es\/wp-json\/wp\/v2\/posts"}],"about":[{"href":"https:\/\/www.ppdelugo.com\/es\/wp-json\/wp\/v2\/types\/post"}],"author":[{"embeddable":true,"href":"https:\/\/www.ppdelugo.com\/es\/wp-json\/wp\/v2\/users\/8"}],"replies":[{"embeddable":true,"href":"https:\/\/www.ppdelugo.com\/es\/wp-json\/wp\/v2\/comments?post=11235"}],"version-history":[{"count":0,"href":"https:\/\/www.ppdelugo.com\/es\/wp-json\/wp\/v2\/posts\/11235\/revisions"}],"wp:featuredmedia":[{"embeddable":true,"href":"https:\/\/www.ppdelugo.com\/es\/wp-json\/wp\/v2\/media\/11233"}],"wp:attachment":[{"href":"https:\/\/www.ppdelugo.com\/es\/wp-json\/wp\/v2\/media?parent=11235"}],"wp:term":[{"taxonomy":"category","embeddable":true,"href":"https:\/\/www.ppdelugo.com\/es\/wp-json\/wp\/v2\/categories?post=11235"},{"taxonomy":"post_tag","embeddable":true,"href":"https:\/\/www.ppdelugo.com\/es\/wp-json\/wp\/v2\/tags?post=11235"}],"curies":[{"name":"wp","href":"https:\/\/api.w.org\/{rel}","templated":true}]}}