{"id":11147,"date":"2019-11-02T12:59:43","date_gmt":"2019-11-02T12:59:43","guid":{"rendered":"http:\/\/www.ppdelugo.com\/?p=11147"},"modified":"2019-11-04T13:04:22","modified_gmt":"2019-11-04T13:04:22","slug":"el-pp-pide-al-bigoberno-que-recupere-la-medianera-de-serra-de-ancares-tras-varios-anos-sin-cuidados","status":"publish","type":"post","link":"https:\/\/www.ppdelugo.com\/es\/el-pp-pide-al-bigoberno-que-recupere-la-medianera-de-serra-de-ancares-tras-varios-anos-sin-cuidados\/","title":{"rendered":"El PP pide al  bigoberno que recupere la medianera de Serra de Ancares tras varios a\u00f1os sin cuidados"},"content":{"rendered":"<p>Desde el Grupo Municipal del Partido Popular explican que los vecinos de esta calle de la ciudad expresaron su malestar despu\u00e9s de que estas zonas verdes lleven a\u00f1os \u201csin ning\u00fan tipo de atenci\u00f3n\u201d lo que desemboc\u00f3 en que la imagen que dejan sea \u201cde un total abandono\u201d<\/p>\n<p><!--more--><\/p>\n<p>O Grupo Municipal do Partido Popular no Concello de Lugo pide ao bigoberno de Lugo que estude a mellor v\u00eda para reacondicinar as medianeiras da r\u00faa Serra de Ancares, que a d\u00eda de hoxe deixan unha imaxe \u201cdeplorable\u201d despois de levar anos sen ning\u00fan tipo de atenci\u00f3n municipal, tal e como explicaron os veci\u00f1os da zona.<\/p>\n<p>Os populares sinalan que nesta zona da cidade, as medianeiras serven para distribu\u00edr o tr\u00e1fico xa que o ancho da v\u00eda permite dividir en d\u00faas zonas a r\u00faa. O problema radica en que hai moito tempo que se deixaron estas zonas verdes sen atenci\u00f3n e xa carecen de herba e a s\u00faa imaxe \u201c\u00e9 moi mala\u201d.<\/p>\n<p>Po riso, dende o Grupo Popular se solicita que se recuperen estas zonas verdes da cidade ou, se pola contra non se queren atender, que se estuden o mellor xeito para proceder a s\u00faa eliminaci\u00f3n e aumentar o n\u00famero de prazas de aparcamento nesta zona da cidade, moi empregada por lucenses para deixar o seu veh\u00edculo e achegarse ata o centro da cidade para facer xesti\u00f3ns e compras.<\/p>\n","protected":false},"excerpt":{"rendered":"<p>Desde el Grupo Municipal del Partido Popular explican que los vecinos de esta calle de la ciudad expresaron su malestar despu\u00e9s de que estas zonas verdes lleven a\u00f1os \u201csin ning\u00fan&#8230;<\/p>\n","protected":false},"author":8,"featured_media":11148,"comment_status":"open","ping_status":"closed","sticky":false,"template":"","format":"standard","meta":{"footnotes":""},"categories":[32,34,38,42],"tags":[],"class_list":{"0":"post-11147","1":"post","2":"type-post","3":"status-publish","4":"format-standard","5":"has-post-thumbnail","7":"category-infraestructuras-es","8":"category-obras-es","9":"category-trafico-es","10":"category-urbanismo-es"},"yoast_head":"<!-- This site is optimized with the Yoast SEO plugin v27.4 - https:\/\/yoast.com\/product\/yoast-seo-wordpress\/ -->\n<title>El PP pide al bigoberno que recupere la medianera de Serra de Ancares tras varios a\u00f1os sin cuidados - Grupo Municipal Partido Popular de Lugo<\/title>\n<meta name=\"robots\" content=\"index, follow, max-snippet:-1, max-image-preview:large, max-video-preview:-1\" \/>\n<link rel=\"canonical\" href=\"https:\/\/www.ppdelugo.com\/es\/el-pp-pide-al-bigoberno-que-recupere-la-medianera-de-serra-de-ancares-tras-varios-anos-sin-cuidados\/\" \/>\n<meta property=\"og:locale\" content=\"es_ES\" \/>\n<meta property=\"og:type\" content=\"article\" \/>\n<meta property=\"og:title\" content=\"El PP pide al bigoberno que recupere la medianera de Serra de Ancares tras varios a\u00f1os sin cuidados - Grupo Municipal Partido Popular de Lugo\" \/>\n<meta property=\"og:description\" content=\"Desde el Grupo Municipal del Partido Popular explican que los vecinos de esta calle de la ciudad expresaron su malestar despu\u00e9s de que estas zonas verdes lleven a\u00f1os \u201csin ning\u00fan...\" \/>\n<meta property=\"og:url\" content=\"https:\/\/www.ppdelugo.com\/es\/el-pp-pide-al-bigoberno-que-recupere-la-medianera-de-serra-de-ancares-tras-varios-anos-sin-cuidados\/\" \/>\n<meta property=\"og:site_name\" content=\"Grupo Municipal Partido Popular de Lugo\" \/>\n<meta property=\"article:published_time\" content=\"2019-11-02T12:59:43+00:00\" \/>\n<meta property=\"article:modified_time\" content=\"2019-11-04T13:04:22+00:00\" \/>\n<meta property=\"og:image\" content=\"https:\/\/www.ppdelugo.com\/wp-content\/uploads\/2019\/11\/Serra-de-Ancares-1024x768.jpg\" \/>\n\t<meta property=\"og:image:width\" content=\"1024\" \/>\n\t<meta property=\"og:image:height\" content=\"768\" \/>\n\t<meta property=\"og:image:type\" content=\"image\/jpeg\" \/>\n<meta name=\"author\" content=\"ppdelugo\" \/>\n<meta name=\"twitter:card\" content=\"summary_large_image\" \/>\n<meta name=\"twitter:label1\" content=\"Escrito por\" \/>\n\t<meta name=\"twitter:data1\" content=\"ppdelugo\" \/>\n\t<meta name=\"twitter:label2\" content=\"Tiempo de lectura\" \/>\n\t<meta name=\"twitter:data2\" content=\"1 minuto\" \/>\n<script type=\"application\/ld+json\" class=\"yoast-schema-graph\">{\"@context\":\"https:\\\/\\\/schema.org\",\"@graph\":[{\"@type\":\"Article\",\"@id\":\"https:\\\/\\\/www.ppdelugo.com\\\/es\\\/el-pp-pide-al-bigoberno-que-recupere-la-medianera-de-serra-de-ancares-tras-varios-anos-sin-cuidados\\\/#article\",\"isPartOf\":{\"@id\":\"https:\\\/\\\/www.ppdelugo.com\\\/es\\\/el-pp-pide-al-bigoberno-que-recupere-la-medianera-de-serra-de-ancares-tras-varios-anos-sin-cuidados\\\/\"},\"author\":{\"name\":\"ppdelugo\",\"@id\":\"https:\\\/\\\/www.ppdelugo.com\\\/es\\\/#\\\/schema\\\/person\\\/4fa17dd371813e2c389a4417775cec48\"},\"headline\":\"El PP pide al bigoberno que recupere la medianera de Serra de Ancares tras varios a\u00f1os sin cuidados\",\"datePublished\":\"2019-11-02T12:59:43+00:00\",\"dateModified\":\"2019-11-04T13:04:22+00:00\",\"mainEntityOfPage\":{\"@id\":\"https:\\\/\\\/www.ppdelugo.com\\\/es\\\/el-pp-pide-al-bigoberno-que-recupere-la-medianera-de-serra-de-ancares-tras-varios-anos-sin-cuidados\\\/\"},\"wordCount\":267,\"commentCount\":0,\"image\":{\"@id\":\"https:\\\/\\\/www.ppdelugo.com\\\/es\\\/el-pp-pide-al-bigoberno-que-recupere-la-medianera-de-serra-de-ancares-tras-varios-anos-sin-cuidados\\\/#primaryimage\"},\"thumbnailUrl\":\"https:\\\/\\\/www.ppdelugo.com\\\/wp-content\\\/uploads\\\/2019\\\/11\\\/Serra-de-Ancares.jpg\",\"articleSection\":[\"Infraestructuras\",\"Obras\",\"Tr\u00e1fico\",\"Urbanismo\"],\"inLanguage\":\"es\",\"potentialAction\":[{\"@type\":\"CommentAction\",\"name\":\"Comment\",\"target\":[\"https:\\\/\\\/www.ppdelugo.com\\\/es\\\/el-pp-pide-al-bigoberno-que-recupere-la-medianera-de-serra-de-ancares-tras-varios-anos-sin-cuidados\\\/#respond\"]}]},{\"@type\":\"WebPage\",\"@id\":\"https:\\\/\\\/www.ppdelugo.com\\\/es\\\/el-pp-pide-al-bigoberno-que-recupere-la-medianera-de-serra-de-ancares-tras-varios-anos-sin-cuidados\\\/\",\"url\":\"https:\\\/\\\/www.ppdelugo.com\\\/es\\\/el-pp-pide-al-bigoberno-que-recupere-la-medianera-de-serra-de-ancares-tras-varios-anos-sin-cuidados\\\/\",\"name\":\"El PP pide al bigoberno que recupere la medianera de Serra de Ancares tras varios a\u00f1os sin cuidados - Grupo Municipal Partido Popular de Lugo\",\"isPartOf\":{\"@id\":\"https:\\\/\\\/www.ppdelugo.com\\\/es\\\/#website\"},\"primaryImageOfPage\":{\"@id\":\"https:\\\/\\\/www.ppdelugo.com\\\/es\\\/el-pp-pide-al-bigoberno-que-recupere-la-medianera-de-serra-de-ancares-tras-varios-anos-sin-cuidados\\\/#primaryimage\"},\"image\":{\"@id\":\"https:\\\/\\\/www.ppdelugo.com\\\/es\\\/el-pp-pide-al-bigoberno-que-recupere-la-medianera-de-serra-de-ancares-tras-varios-anos-sin-cuidados\\\/#primaryimage\"},\"thumbnailUrl\":\"https:\\\/\\\/www.ppdelugo.com\\\/wp-content\\\/uploads\\\/2019\\\/11\\\/Serra-de-Ancares.jpg\",\"datePublished\":\"2019-11-02T12:59:43+00:00\",\"dateModified\":\"2019-11-04T13:04:22+00:00\",\"author\":{\"@id\":\"https:\\\/\\\/www.ppdelugo.com\\\/es\\\/#\\\/schema\\\/person\\\/4fa17dd371813e2c389a4417775cec48\"},\"breadcrumb\":{\"@id\":\"https:\\\/\\\/www.ppdelugo.com\\\/es\\\/el-pp-pide-al-bigoberno-que-recupere-la-medianera-de-serra-de-ancares-tras-varios-anos-sin-cuidados\\\/#breadcrumb\"},\"inLanguage\":\"es\",\"potentialAction\":[{\"@type\":\"ReadAction\",\"target\":[\"https:\\\/\\\/www.ppdelugo.com\\\/es\\\/el-pp-pide-al-bigoberno-que-recupere-la-medianera-de-serra-de-ancares-tras-varios-anos-sin-cuidados\\\/\"]}]},{\"@type\":\"ImageObject\",\"inLanguage\":\"es\",\"@id\":\"https:\\\/\\\/www.ppdelugo.com\\\/es\\\/el-pp-pide-al-bigoberno-que-recupere-la-medianera-de-serra-de-ancares-tras-varios-anos-sin-cuidados\\\/#primaryimage\",\"url\":\"https:\\\/\\\/www.ppdelugo.com\\\/wp-content\\\/uploads\\\/2019\\\/11\\\/Serra-de-Ancares.jpg\",\"contentUrl\":\"https:\\\/\\\/www.ppdelugo.com\\\/wp-content\\\/uploads\\\/2019\\\/11\\\/Serra-de-Ancares.jpg\",\"width\":4032,\"height\":3024},{\"@type\":\"BreadcrumbList\",\"@id\":\"https:\\\/\\\/www.ppdelugo.com\\\/es\\\/el-pp-pide-al-bigoberno-que-recupere-la-medianera-de-serra-de-ancares-tras-varios-anos-sin-cuidados\\\/#breadcrumb\",\"itemListElement\":[{\"@type\":\"ListItem\",\"position\":1,\"name\":\"Portada\",\"item\":\"https:\\\/\\\/www.ppdelugo.com\\\/es\\\/\"},{\"@type\":\"ListItem\",\"position\":2,\"name\":\"El PP pide al bigoberno que recupere la medianera de Serra de Ancares tras varios a\u00f1os sin cuidados\"}]},{\"@type\":\"WebSite\",\"@id\":\"https:\\\/\\\/www.ppdelugo.com\\\/es\\\/#website\",\"url\":\"https:\\\/\\\/www.ppdelugo.com\\\/es\\\/\",\"name\":\"Grupo Municipal Partido Popular de Lugo\",\"description\":\"Web del Grupo Municipal del Partido Popular en el Ayuntamiento de Lugo, con informaci\u00f3n sobre Lugo y fomento de la participaci\u00f3n ciudadana\",\"potentialAction\":[{\"@type\":\"SearchAction\",\"target\":{\"@type\":\"EntryPoint\",\"urlTemplate\":\"https:\\\/\\\/www.ppdelugo.com\\\/es\\\/?s={search_term_string}\"},\"query-input\":{\"@type\":\"PropertyValueSpecification\",\"valueRequired\":true,\"valueName\":\"search_term_string\"}}],\"inLanguage\":\"es\"},{\"@type\":\"Person\",\"@id\":\"https:\\\/\\\/www.ppdelugo.com\\\/es\\\/#\\\/schema\\\/person\\\/4fa17dd371813e2c389a4417775cec48\",\"name\":\"ppdelugo\",\"url\":\"https:\\\/\\\/www.ppdelugo.com\\\/es\\\/author\\\/admin-2\\\/\"}]}<\/script>\n<!-- \/ Yoast SEO plugin. -->","yoast_head_json":{"title":"El PP pide al bigoberno que recupere la medianera de Serra de Ancares tras varios a\u00f1os sin cuidados - Grupo Municipal Partido Popular de Lugo","robots":{"index":"index","follow":"follow","max-snippet":"max-snippet:-1","max-image-preview":"max-image-preview:large","max-video-preview":"max-video-preview:-1"},"canonical":"https:\/\/www.ppdelugo.com\/es\/el-pp-pide-al-bigoberno-que-recupere-la-medianera-de-serra-de-ancares-tras-varios-anos-sin-cuidados\/","og_locale":"es_ES","og_type":"article","og_title":"El PP pide al bigoberno que recupere la medianera de Serra de Ancares tras varios a\u00f1os sin cuidados - Grupo Municipal Partido Popular de Lugo","og_description":"Desde el Grupo Municipal del Partido Popular explican que los vecinos de esta calle de la ciudad expresaron su malestar despu\u00e9s de que estas zonas verdes lleven a\u00f1os \u201csin ning\u00fan...","og_url":"https:\/\/www.ppdelugo.com\/es\/el-pp-pide-al-bigoberno-que-recupere-la-medianera-de-serra-de-ancares-tras-varios-anos-sin-cuidados\/","og_site_name":"Grupo Municipal Partido Popular de Lugo","article_published_time":"2019-11-02T12:59:43+00:00","article_modified_time":"2019-11-04T13:04:22+00:00","og_image":[{"width":1024,"height":768,"url":"https:\/\/www.ppdelugo.com\/wp-content\/uploads\/2019\/11\/Serra-de-Ancares-1024x768.jpg","type":"image\/jpeg"}],"author":"ppdelugo","twitter_card":"summary_large_image","twitter_misc":{"Escrito por":"ppdelugo","Tiempo de lectura":"1 minuto"},"schema":{"@context":"https:\/\/schema.org","@graph":[{"@type":"Article","@id":"https:\/\/www.ppdelugo.com\/es\/el-pp-pide-al-bigoberno-que-recupere-la-medianera-de-serra-de-ancares-tras-varios-anos-sin-cuidados\/#article","isPartOf":{"@id":"https:\/\/www.ppdelugo.com\/es\/el-pp-pide-al-bigoberno-que-recupere-la-medianera-de-serra-de-ancares-tras-varios-anos-sin-cuidados\/"},"author":{"name":"ppdelugo","@id":"https:\/\/www.ppdelugo.com\/es\/#\/schema\/person\/4fa17dd371813e2c389a4417775cec48"},"headline":"El PP pide al bigoberno que recupere la medianera de Serra de Ancares tras varios a\u00f1os sin cuidados","datePublished":"2019-11-02T12:59:43+00:00","dateModified":"2019-11-04T13:04:22+00:00","mainEntityOfPage":{"@id":"https:\/\/www.ppdelugo.com\/es\/el-pp-pide-al-bigoberno-que-recupere-la-medianera-de-serra-de-ancares-tras-varios-anos-sin-cuidados\/"},"wordCount":267,"commentCount":0,"image":{"@id":"https:\/\/www.ppdelugo.com\/es\/el-pp-pide-al-bigoberno-que-recupere-la-medianera-de-serra-de-ancares-tras-varios-anos-sin-cuidados\/#primaryimage"},"thumbnailUrl":"https:\/\/www.ppdelugo.com\/wp-content\/uploads\/2019\/11\/Serra-de-Ancares.jpg","articleSection":["Infraestructuras","Obras","Tr\u00e1fico","Urbanismo"],"inLanguage":"es","potentialAction":[{"@type":"CommentAction","name":"Comment","target":["https:\/\/www.ppdelugo.com\/es\/el-pp-pide-al-bigoberno-que-recupere-la-medianera-de-serra-de-ancares-tras-varios-anos-sin-cuidados\/#respond"]}]},{"@type":"WebPage","@id":"https:\/\/www.ppdelugo.com\/es\/el-pp-pide-al-bigoberno-que-recupere-la-medianera-de-serra-de-ancares-tras-varios-anos-sin-cuidados\/","url":"https:\/\/www.ppdelugo.com\/es\/el-pp-pide-al-bigoberno-que-recupere-la-medianera-de-serra-de-ancares-tras-varios-anos-sin-cuidados\/","name":"El PP pide al bigoberno que recupere la medianera de Serra de Ancares tras varios a\u00f1os sin cuidados - Grupo Municipal Partido Popular de Lugo","isPartOf":{"@id":"https:\/\/www.ppdelugo.com\/es\/#website"},"primaryImageOfPage":{"@id":"https:\/\/www.ppdelugo.com\/es\/el-pp-pide-al-bigoberno-que-recupere-la-medianera-de-serra-de-ancares-tras-varios-anos-sin-cuidados\/#primaryimage"},"image":{"@id":"https:\/\/www.ppdelugo.com\/es\/el-pp-pide-al-bigoberno-que-recupere-la-medianera-de-serra-de-ancares-tras-varios-anos-sin-cuidados\/#primaryimage"},"thumbnailUrl":"https:\/\/www.ppdelugo.com\/wp-content\/uploads\/2019\/11\/Serra-de-Ancares.jpg","datePublished":"2019-11-02T12:59:43+00:00","dateModified":"2019-11-04T13:04:22+00:00","author":{"@id":"https:\/\/www.ppdelugo.com\/es\/#\/schema\/person\/4fa17dd371813e2c389a4417775cec48"},"breadcrumb":{"@id":"https:\/\/www.ppdelugo.com\/es\/el-pp-pide-al-bigoberno-que-recupere-la-medianera-de-serra-de-ancares-tras-varios-anos-sin-cuidados\/#breadcrumb"},"inLanguage":"es","potentialAction":[{"@type":"ReadAction","target":["https:\/\/www.ppdelugo.com\/es\/el-pp-pide-al-bigoberno-que-recupere-la-medianera-de-serra-de-ancares-tras-varios-anos-sin-cuidados\/"]}]},{"@type":"ImageObject","inLanguage":"es","@id":"https:\/\/www.ppdelugo.com\/es\/el-pp-pide-al-bigoberno-que-recupere-la-medianera-de-serra-de-ancares-tras-varios-anos-sin-cuidados\/#primaryimage","url":"https:\/\/www.ppdelugo.com\/wp-content\/uploads\/2019\/11\/Serra-de-Ancares.jpg","contentUrl":"https:\/\/www.ppdelugo.com\/wp-content\/uploads\/2019\/11\/Serra-de-Ancares.jpg","width":4032,"height":3024},{"@type":"BreadcrumbList","@id":"https:\/\/www.ppdelugo.com\/es\/el-pp-pide-al-bigoberno-que-recupere-la-medianera-de-serra-de-ancares-tras-varios-anos-sin-cuidados\/#breadcrumb","itemListElement":[{"@type":"ListItem","position":1,"name":"Portada","item":"https:\/\/www.ppdelugo.com\/es\/"},{"@type":"ListItem","position":2,"name":"El PP pide al bigoberno que recupere la medianera de Serra de Ancares tras varios a\u00f1os sin cuidados"}]},{"@type":"WebSite","@id":"https:\/\/www.ppdelugo.com\/es\/#website","url":"https:\/\/www.ppdelugo.com\/es\/","name":"Grupo Municipal Partido Popular de Lugo","description":"Web del Grupo Municipal del Partido Popular en el Ayuntamiento de Lugo, con informaci\u00f3n sobre Lugo y fomento de la participaci\u00f3n ciudadana","potentialAction":[{"@type":"SearchAction","target":{"@type":"EntryPoint","urlTemplate":"https:\/\/www.ppdelugo.com\/es\/?s={search_term_string}"},"query-input":{"@type":"PropertyValueSpecification","valueRequired":true,"valueName":"search_term_string"}}],"inLanguage":"es"},{"@type":"Person","@id":"https:\/\/www.ppdelugo.com\/es\/#\/schema\/person\/4fa17dd371813e2c389a4417775cec48","name":"ppdelugo","url":"https:\/\/www.ppdelugo.com\/es\/author\/admin-2\/"}]}},"_links":{"self":[{"href":"https:\/\/www.ppdelugo.com\/es\/wp-json\/wp\/v2\/posts\/11147","targetHints":{"allow":["GET"]}}],"collection":[{"href":"https:\/\/www.ppdelugo.com\/es\/wp-json\/wp\/v2\/posts"}],"about":[{"href":"https:\/\/www.ppdelugo.com\/es\/wp-json\/wp\/v2\/types\/post"}],"author":[{"embeddable":true,"href":"https:\/\/www.ppdelugo.com\/es\/wp-json\/wp\/v2\/users\/8"}],"replies":[{"embeddable":true,"href":"https:\/\/www.ppdelugo.com\/es\/wp-json\/wp\/v2\/comments?post=11147"}],"version-history":[{"count":0,"href":"https:\/\/www.ppdelugo.com\/es\/wp-json\/wp\/v2\/posts\/11147\/revisions"}],"wp:featuredmedia":[{"embeddable":true,"href":"https:\/\/www.ppdelugo.com\/es\/wp-json\/wp\/v2\/media\/11148"}],"wp:attachment":[{"href":"https:\/\/www.ppdelugo.com\/es\/wp-json\/wp\/v2\/media?parent=11147"}],"wp:term":[{"taxonomy":"category","embeddable":true,"href":"https:\/\/www.ppdelugo.com\/es\/wp-json\/wp\/v2\/categories?post=11147"},{"taxonomy":"post_tag","embeddable":true,"href":"https:\/\/www.ppdelugo.com\/es\/wp-json\/wp\/v2\/tags?post=11147"}],"curies":[{"name":"wp","href":"https:\/\/api.w.org\/{rel}","templated":true}]}}