{"id":10860,"date":"2019-09-26T08:57:04","date_gmt":"2019-09-26T08:57:04","guid":{"rendered":"http:\/\/www.ppdelugo.com\/proposicion-para-reclamar-ao-goberno-de-espana-a-transferencias-as-entidades-locais-dos-recursos-derivados-da-participacion-en-ingresos-do-estado\/"},"modified":"2019-09-26T09:49:47","modified_gmt":"2019-09-26T09:49:47","slug":"proposicion-para-reclamar-ao-goberno-de-espana-a-transferencias-as-entidades-locais-dos-recursos-derivados-da-participacion-en-ingresos-do-estado","status":"publish","type":"post","link":"https:\/\/www.ppdelugo.com\/es\/proposicion-para-reclamar-ao-goberno-de-espana-a-transferencias-as-entidades-locais-dos-recursos-derivados-da-participacion-en-ingresos-do-estado\/","title":{"rendered":"El Partido Popular critica que el PSOE vote en contra de reclamar a Pedro S\u00e1nchez que pague el dinero que debe a los lucenses"},"content":{"rendered":"<p>El Grupo Municipal del Partido Popular lament\u00f3 que el grupo socialista votara en contra de una iniciativa encaminada a reclamar al gobierno central que le pague a los lucenses el dinero que les adenda. Una medida que, pese la esta negativa de los socialistas, se aprob\u00f3 gracias al apoyo brindado por Ciudadanos y el BNG.<\/p>\n<p><!--more--><\/p>\n<p>Un dos grandes piares da organizaci\u00f3n pol\u00edtica e administrativa en Espa\u00f1a est\u00e1 constitu\u00edda polas Entidades Locais, cuxas Administraci\u00f3ns de proximidade garanten a prestaci\u00f3n de servizos p\u00fablicos esenciais aos espa\u00f1ois. Para exercer eficazmente as funci\u00f3ns que se lle encomendan, \u00e9 fundamental que se cumpran \u00edntegramente os dous principios que inspiran constitucionalmente o seu desempe\u00f1o: o principio de autonom\u00eda (artigo 140 da Constituci\u00f3n espa\u00f1ola) e o principio de suficiencia financeira (artigo 142 da Constituci\u00f3n espa\u00f1ola).<\/p>\n<p>Autonom\u00eda e suficiencia financeira son principios conmutativos, polo que non o hai autonom\u00eda sen suficiencia nin suficiencia sen autonom\u00eda. Por outra banda, do mesmo xeito que co financiamento das Comunidades Aut\u00f3nomas, o Ministerio de Facenda v\u00e9n de invocar diferentes coartadas diferentes para impedir facer efectivas as obrigas econ\u00f3micas e financeiras que ten contra\u00edas lexislativamente coas Entidades Locais. Unha vez m\u00e1is, e dun xeito completamente falaz,  se apela polo Goberno de S\u00e1nchez  \u00e1 concorrencia dun orzamento prorrogado e \u00e1s limitaci\u00f3ns dun Goberno en funci\u00f3ns para negar o que constitucionalmente \u00e9 un dereito das Entidades Locais e, por conseguinte, dos cidad\u00e1ns que residan en cada un delas.<\/p>\n<p>Resulta unha paradoxa dificilmente aceptable desde o punto de vista intelectual, que o libramento dos recursos econ\u00f3micos por parte do Estado \u00e1s Entidades Locais, e que forman parte dun modelo de actuaci\u00f3n establecido legalmente e constitu\u00eddo e de ra\u00edz constitucional, sexa posto en cuesti\u00f3n polo Goberno de S\u00e1nchez, sobre a base de opini\u00f3ns t\u00e9cnicas non contrastadas. A cambio, ese mesmo Goberno non tivo ning\u00fan reparo en aprobar Reais Decretos Leis que crean novos dereitos econ\u00f3micos, explotando o teito do gasto non financeiro do Estado e quebrando o ordenamento xur\u00eddico sobre a estabilidade orzamentaria. <\/p>\n<p>Fronte \u00e1 disciplina e a corresponsabilidade pol\u00edtica e administrativa que debe imperar entre o Estado e as Entidades Locais, imp\u00faxose irresponsablemente polo Goberno de S\u00e1nchez a indisciplina fiscal e un dos maiores ataques ao modelo constitucional de autonom\u00eda territorial dos \u00faltimos anos. Negar os recursos das Entidades Locais sobre a base de espurias opini\u00f3ns sen fundamento t\u00e9cnico \u00e9 negar a base mesma do noso sistema de organizaci\u00f3n territorial. <\/p>\n<p>Desde o punto de vista do financiamento local, a falta de actualizaci\u00f3n dos recursos derivados da Participaci\u00f3n en Ingresos do Estado e do Fondo Complementario de Financiamento, est\u00e1 a provocar un prexu\u00edzo an\u00e1logo ao que se est\u00e1 producindo coas entregas a conta \u00e1s Comunidades Aut\u00f3nomas, e que poder\u00eda situarse ao redor dos 1.000 mill\u00f3ns de euros.<\/p>\n<p>\u00c1 s\u00faa vez, e da mesma maneira que en financiamento auton\u00f3mico, o Goberno de S\u00e1nchez amp\u00e1rase indebidamente na concorrencia da existencia dun orzamento prorrogado e dun Goberno en funci\u00f3ns para impedir que se abonen \u00e1s Entidades Locais as liquidaci\u00f3ns definitivas na Participaci\u00f3n en Ingresos do Estado correspondentes a 2017 que o Estado debe abonar \u00e1s entidades locais en 2019. <\/p>\n<p>Pero \u00e9 que ademais, a conxelaci\u00f3n \u00e1 que est\u00e1 a abocar coa s\u00faa actuaci\u00f3n o Goberno de S\u00e1nchez non permite cubrir o esforzo orzamentario que est\u00e1n a facer as Entidades Locais para atender o incremento das retribuci\u00f3ns en materia de persoal derivadas da Real Decreto Lei 24\/2018, do 21 de decembro, polo que se aproban medidas urxentes en materia de retribuci\u00f3ns no \u00e1mbito do sector p\u00fablico, que establece un incremento m\u00ednimo asegurado do 2,25 por cento respecto a as retribuci\u00f3ns vixentes en 2018, con efectos ao 1 de xaneiro de 2019, e que cobre tanto a funcionarios como a persoal laboral do sector p\u00fablico local.<\/p>\n<p>Por \u00faltimo, existen un conxunto de li\u00f1as de subvenci\u00f3ns estatais destinadas a financiar determinados servizos locais (por exemplo, transporte colectivo urbano), cuxo importe permanece inalterable ao longo deste ano no cr\u00e9dito orzamentario de 2018, sen que responda directamente, por tanto, da evoluci\u00f3n dos custos do servizo en cada unha das li\u00f1as subvencionadas. <\/p>\n<p>Por todo iso, o Grupo Municipal Popular que subscribe considera de interese municipal que o Pleno da Corporaci\u00f3n Municipal acorde:<\/p>\n<p>PRIMEIRO. Esixir ao Goberno de Espa\u00f1a que faga efectivas as obrigaci\u00f3ns econ\u00f3mico-financeiras que te\u00f1en contra\u00eddas legalmente coas Entidades Locais e que te\u00f1en o seu fundamento nun dereito constitucionalmente reco\u00f1ecido. E en base a iso efect\u00fae a transferencia actualizada dos recursos derivados da Participaci\u00f3n en Ingresos do Estado e do resto de recursos financeiros que corresponden \u00e1 localidade de Lugo e, por conseguinte, aos cidad\u00e1ns que residen na mesma.<\/p>\n<p>SEGUNDO. Reclamar ao Goberno de Espa\u00f1a os recursos necesarios para apoiar o esforzo orzamentario que est\u00e1n a facer as Entidades Locais para atender o incremento das retribuci\u00f3ns dos empregados p\u00fablicos das Entidades Locais previsto na Real Decreto Lei 24\/2018, do 21 de decembro, polo que se aproban medidas urxentes en materia de retribuci\u00f3ns no \u00e1mbito do sector p\u00fablico, no \u00e1mbito da provincia de Lugo. <\/p>\n<p>TERCEIRO. Solicitar a convocatoria urxente da Comisi\u00f3n Nacional de Administraci\u00f3n Local para dar conta das raz\u00f3ns da situaci\u00f3n creada e acordar soluci\u00f3ns inmediatas. <\/p>\n<p>CUARTO. Dar traslado destes acordos \u00e1 Presidencia e Vicepresidencia do Goberno de Espa\u00f1a, aos Voceiros dos Grupos Pol\u00edticos do Congreso e Senado, as\u00ed como ao Ministerio de Facenda.<\/p>\n","protected":false},"excerpt":{"rendered":"<p>El Grupo Municipal del Partido Popular lament\u00f3 que el grupo socialista votara en contra de una iniciativa encaminada a reclamar al gobierno central que le pague a los lucenses el&#8230;<\/p>\n","protected":false},"author":8,"featured_media":10858,"comment_status":"open","ping_status":"closed","sticky":false,"template":"","format":"standard","meta":{"footnotes":""},"categories":[31,50],"tags":[],"class_list":{"0":"post-10860","1":"post","2":"type-post","3":"status-publish","4":"format-standard","5":"has-post-thumbnail","7":"category-economia-es","8":"category-proposiciones"},"yoast_head":"<!-- This site is optimized with the Yoast SEO plugin v27.4 - https:\/\/yoast.com\/product\/yoast-seo-wordpress\/ -->\n<title>El Partido Popular critica que el PSOE vote en contra de reclamar a Pedro S\u00e1nchez que pague el dinero que debe a los lucenses - Grupo Municipal Partido Popular de Lugo<\/title>\n<meta name=\"robots\" content=\"index, follow, max-snippet:-1, max-image-preview:large, max-video-preview:-1\" \/>\n<link rel=\"canonical\" href=\"https:\/\/www.ppdelugo.com\/es\/proposicion-para-reclamar-ao-goberno-de-espana-a-transferencias-as-entidades-locais-dos-recursos-derivados-da-participacion-en-ingresos-do-estado\/\" \/>\n<meta property=\"og:locale\" content=\"es_ES\" \/>\n<meta property=\"og:type\" content=\"article\" \/>\n<meta property=\"og:title\" content=\"El Partido Popular critica que el PSOE vote en contra de reclamar a Pedro S\u00e1nchez que pague el dinero que debe a los lucenses - Grupo Municipal Partido Popular de Lugo\" \/>\n<meta property=\"og:description\" content=\"El Grupo Municipal del Partido Popular lament\u00f3 que el grupo socialista votara en contra de una iniciativa encaminada a reclamar al gobierno central que le pague a los lucenses el...\" \/>\n<meta property=\"og:url\" content=\"https:\/\/www.ppdelugo.com\/es\/proposicion-para-reclamar-ao-goberno-de-espana-a-transferencias-as-entidades-locais-dos-recursos-derivados-da-participacion-en-ingresos-do-estado\/\" \/>\n<meta property=\"og:site_name\" content=\"Grupo Municipal Partido Popular de Lugo\" \/>\n<meta property=\"article:published_time\" content=\"2019-09-26T08:57:04+00:00\" \/>\n<meta property=\"article:modified_time\" content=\"2019-09-26T09:49:47+00:00\" \/>\n<meta property=\"og:image\" content=\"https:\/\/www.ppdelugo.com\/wp-content\/uploads\/2019\/09\/Foto-Ram\u00f3n-1024x768.jpg\" \/>\n\t<meta property=\"og:image:width\" content=\"1024\" \/>\n\t<meta property=\"og:image:height\" content=\"768\" \/>\n\t<meta property=\"og:image:type\" content=\"image\/jpeg\" \/>\n<meta name=\"author\" content=\"ppdelugo\" \/>\n<meta name=\"twitter:card\" content=\"summary_large_image\" \/>\n<meta name=\"twitter:label1\" content=\"Escrito por\" \/>\n\t<meta name=\"twitter:data1\" content=\"ppdelugo\" \/>\n\t<meta name=\"twitter:label2\" content=\"Tiempo de lectura\" \/>\n\t<meta name=\"twitter:data2\" content=\"5 minutos\" \/>\n<script type=\"application\/ld+json\" class=\"yoast-schema-graph\">{\"@context\":\"https:\\\/\\\/schema.org\",\"@graph\":[{\"@type\":\"Article\",\"@id\":\"https:\\\/\\\/www.ppdelugo.com\\\/es\\\/proposicion-para-reclamar-ao-goberno-de-espana-a-transferencias-as-entidades-locais-dos-recursos-derivados-da-participacion-en-ingresos-do-estado\\\/#article\",\"isPartOf\":{\"@id\":\"https:\\\/\\\/www.ppdelugo.com\\\/es\\\/proposicion-para-reclamar-ao-goberno-de-espana-a-transferencias-as-entidades-locais-dos-recursos-derivados-da-participacion-en-ingresos-do-estado\\\/\"},\"author\":{\"name\":\"ppdelugo\",\"@id\":\"https:\\\/\\\/www.ppdelugo.com\\\/es\\\/#\\\/schema\\\/person\\\/4fa17dd371813e2c389a4417775cec48\"},\"headline\":\"El Partido Popular critica que el PSOE vote en contra de reclamar a Pedro S\u00e1nchez que pague el dinero que debe a los lucenses\",\"datePublished\":\"2019-09-26T08:57:04+00:00\",\"dateModified\":\"2019-09-26T09:49:47+00:00\",\"mainEntityOfPage\":{\"@id\":\"https:\\\/\\\/www.ppdelugo.com\\\/es\\\/proposicion-para-reclamar-ao-goberno-de-espana-a-transferencias-as-entidades-locais-dos-recursos-derivados-da-participacion-en-ingresos-do-estado\\\/\"},\"wordCount\":969,\"commentCount\":0,\"image\":{\"@id\":\"https:\\\/\\\/www.ppdelugo.com\\\/es\\\/proposicion-para-reclamar-ao-goberno-de-espana-a-transferencias-as-entidades-locais-dos-recursos-derivados-da-participacion-en-ingresos-do-estado\\\/#primaryimage\"},\"thumbnailUrl\":\"https:\\\/\\\/www.ppdelugo.com\\\/wp-content\\\/uploads\\\/2019\\\/09\\\/Foto-Ram\u00f3n.jpg\",\"articleSection\":[\"Econom\u00eda\",\"Proposiciones\"],\"inLanguage\":\"es\",\"potentialAction\":[{\"@type\":\"CommentAction\",\"name\":\"Comment\",\"target\":[\"https:\\\/\\\/www.ppdelugo.com\\\/es\\\/proposicion-para-reclamar-ao-goberno-de-espana-a-transferencias-as-entidades-locais-dos-recursos-derivados-da-participacion-en-ingresos-do-estado\\\/#respond\"]}]},{\"@type\":\"WebPage\",\"@id\":\"https:\\\/\\\/www.ppdelugo.com\\\/es\\\/proposicion-para-reclamar-ao-goberno-de-espana-a-transferencias-as-entidades-locais-dos-recursos-derivados-da-participacion-en-ingresos-do-estado\\\/\",\"url\":\"https:\\\/\\\/www.ppdelugo.com\\\/es\\\/proposicion-para-reclamar-ao-goberno-de-espana-a-transferencias-as-entidades-locais-dos-recursos-derivados-da-participacion-en-ingresos-do-estado\\\/\",\"name\":\"El Partido Popular critica que el PSOE vote en contra de reclamar a Pedro S\u00e1nchez que pague el dinero que debe a los lucenses - Grupo Municipal Partido Popular de Lugo\",\"isPartOf\":{\"@id\":\"https:\\\/\\\/www.ppdelugo.com\\\/es\\\/#website\"},\"primaryImageOfPage\":{\"@id\":\"https:\\\/\\\/www.ppdelugo.com\\\/es\\\/proposicion-para-reclamar-ao-goberno-de-espana-a-transferencias-as-entidades-locais-dos-recursos-derivados-da-participacion-en-ingresos-do-estado\\\/#primaryimage\"},\"image\":{\"@id\":\"https:\\\/\\\/www.ppdelugo.com\\\/es\\\/proposicion-para-reclamar-ao-goberno-de-espana-a-transferencias-as-entidades-locais-dos-recursos-derivados-da-participacion-en-ingresos-do-estado\\\/#primaryimage\"},\"thumbnailUrl\":\"https:\\\/\\\/www.ppdelugo.com\\\/wp-content\\\/uploads\\\/2019\\\/09\\\/Foto-Ram\u00f3n.jpg\",\"datePublished\":\"2019-09-26T08:57:04+00:00\",\"dateModified\":\"2019-09-26T09:49:47+00:00\",\"author\":{\"@id\":\"https:\\\/\\\/www.ppdelugo.com\\\/es\\\/#\\\/schema\\\/person\\\/4fa17dd371813e2c389a4417775cec48\"},\"breadcrumb\":{\"@id\":\"https:\\\/\\\/www.ppdelugo.com\\\/es\\\/proposicion-para-reclamar-ao-goberno-de-espana-a-transferencias-as-entidades-locais-dos-recursos-derivados-da-participacion-en-ingresos-do-estado\\\/#breadcrumb\"},\"inLanguage\":\"es\",\"potentialAction\":[{\"@type\":\"ReadAction\",\"target\":[\"https:\\\/\\\/www.ppdelugo.com\\\/es\\\/proposicion-para-reclamar-ao-goberno-de-espana-a-transferencias-as-entidades-locais-dos-recursos-derivados-da-participacion-en-ingresos-do-estado\\\/\"]}]},{\"@type\":\"ImageObject\",\"inLanguage\":\"es\",\"@id\":\"https:\\\/\\\/www.ppdelugo.com\\\/es\\\/proposicion-para-reclamar-ao-goberno-de-espana-a-transferencias-as-entidades-locais-dos-recursos-derivados-da-participacion-en-ingresos-do-estado\\\/#primaryimage\",\"url\":\"https:\\\/\\\/www.ppdelugo.com\\\/wp-content\\\/uploads\\\/2019\\\/09\\\/Foto-Ram\u00f3n.jpg\",\"contentUrl\":\"https:\\\/\\\/www.ppdelugo.com\\\/wp-content\\\/uploads\\\/2019\\\/09\\\/Foto-Ram\u00f3n.jpg\",\"width\":4000,\"height\":3000},{\"@type\":\"BreadcrumbList\",\"@id\":\"https:\\\/\\\/www.ppdelugo.com\\\/es\\\/proposicion-para-reclamar-ao-goberno-de-espana-a-transferencias-as-entidades-locais-dos-recursos-derivados-da-participacion-en-ingresos-do-estado\\\/#breadcrumb\",\"itemListElement\":[{\"@type\":\"ListItem\",\"position\":1,\"name\":\"Portada\",\"item\":\"https:\\\/\\\/www.ppdelugo.com\\\/es\\\/\"},{\"@type\":\"ListItem\",\"position\":2,\"name\":\"El Partido Popular critica que el PSOE vote en contra de reclamar a Pedro S\u00e1nchez que pague el dinero que debe a los lucenses\"}]},{\"@type\":\"WebSite\",\"@id\":\"https:\\\/\\\/www.ppdelugo.com\\\/es\\\/#website\",\"url\":\"https:\\\/\\\/www.ppdelugo.com\\\/es\\\/\",\"name\":\"Grupo Municipal Partido Popular de Lugo\",\"description\":\"Web del Grupo Municipal del Partido Popular en el Ayuntamiento de Lugo, con informaci\u00f3n sobre Lugo y fomento de la participaci\u00f3n ciudadana\",\"potentialAction\":[{\"@type\":\"SearchAction\",\"target\":{\"@type\":\"EntryPoint\",\"urlTemplate\":\"https:\\\/\\\/www.ppdelugo.com\\\/es\\\/?s={search_term_string}\"},\"query-input\":{\"@type\":\"PropertyValueSpecification\",\"valueRequired\":true,\"valueName\":\"search_term_string\"}}],\"inLanguage\":\"es\"},{\"@type\":\"Person\",\"@id\":\"https:\\\/\\\/www.ppdelugo.com\\\/es\\\/#\\\/schema\\\/person\\\/4fa17dd371813e2c389a4417775cec48\",\"name\":\"ppdelugo\",\"url\":\"https:\\\/\\\/www.ppdelugo.com\\\/es\\\/author\\\/admin-2\\\/\"}]}<\/script>\n<!-- \/ Yoast SEO plugin. -->","yoast_head_json":{"title":"El Partido Popular critica que el PSOE vote en contra de reclamar a Pedro S\u00e1nchez que pague el dinero que debe a los lucenses - Grupo Municipal Partido Popular de Lugo","robots":{"index":"index","follow":"follow","max-snippet":"max-snippet:-1","max-image-preview":"max-image-preview:large","max-video-preview":"max-video-preview:-1"},"canonical":"https:\/\/www.ppdelugo.com\/es\/proposicion-para-reclamar-ao-goberno-de-espana-a-transferencias-as-entidades-locais-dos-recursos-derivados-da-participacion-en-ingresos-do-estado\/","og_locale":"es_ES","og_type":"article","og_title":"El Partido Popular critica que el PSOE vote en contra de reclamar a Pedro S\u00e1nchez que pague el dinero que debe a los lucenses - Grupo Municipal Partido Popular de Lugo","og_description":"El Grupo Municipal del Partido Popular lament\u00f3 que el grupo socialista votara en contra de una iniciativa encaminada a reclamar al gobierno central que le pague a los lucenses el...","og_url":"https:\/\/www.ppdelugo.com\/es\/proposicion-para-reclamar-ao-goberno-de-espana-a-transferencias-as-entidades-locais-dos-recursos-derivados-da-participacion-en-ingresos-do-estado\/","og_site_name":"Grupo Municipal Partido Popular de Lugo","article_published_time":"2019-09-26T08:57:04+00:00","article_modified_time":"2019-09-26T09:49:47+00:00","og_image":[{"width":1024,"height":768,"url":"https:\/\/www.ppdelugo.com\/wp-content\/uploads\/2019\/09\/Foto-Ram\u00f3n-1024x768.jpg","type":"image\/jpeg"}],"author":"ppdelugo","twitter_card":"summary_large_image","twitter_misc":{"Escrito por":"ppdelugo","Tiempo de lectura":"5 minutos"},"schema":{"@context":"https:\/\/schema.org","@graph":[{"@type":"Article","@id":"https:\/\/www.ppdelugo.com\/es\/proposicion-para-reclamar-ao-goberno-de-espana-a-transferencias-as-entidades-locais-dos-recursos-derivados-da-participacion-en-ingresos-do-estado\/#article","isPartOf":{"@id":"https:\/\/www.ppdelugo.com\/es\/proposicion-para-reclamar-ao-goberno-de-espana-a-transferencias-as-entidades-locais-dos-recursos-derivados-da-participacion-en-ingresos-do-estado\/"},"author":{"name":"ppdelugo","@id":"https:\/\/www.ppdelugo.com\/es\/#\/schema\/person\/4fa17dd371813e2c389a4417775cec48"},"headline":"El Partido Popular critica que el PSOE vote en contra de reclamar a Pedro S\u00e1nchez que pague el dinero que debe a los lucenses","datePublished":"2019-09-26T08:57:04+00:00","dateModified":"2019-09-26T09:49:47+00:00","mainEntityOfPage":{"@id":"https:\/\/www.ppdelugo.com\/es\/proposicion-para-reclamar-ao-goberno-de-espana-a-transferencias-as-entidades-locais-dos-recursos-derivados-da-participacion-en-ingresos-do-estado\/"},"wordCount":969,"commentCount":0,"image":{"@id":"https:\/\/www.ppdelugo.com\/es\/proposicion-para-reclamar-ao-goberno-de-espana-a-transferencias-as-entidades-locais-dos-recursos-derivados-da-participacion-en-ingresos-do-estado\/#primaryimage"},"thumbnailUrl":"https:\/\/www.ppdelugo.com\/wp-content\/uploads\/2019\/09\/Foto-Ram\u00f3n.jpg","articleSection":["Econom\u00eda","Proposiciones"],"inLanguage":"es","potentialAction":[{"@type":"CommentAction","name":"Comment","target":["https:\/\/www.ppdelugo.com\/es\/proposicion-para-reclamar-ao-goberno-de-espana-a-transferencias-as-entidades-locais-dos-recursos-derivados-da-participacion-en-ingresos-do-estado\/#respond"]}]},{"@type":"WebPage","@id":"https:\/\/www.ppdelugo.com\/es\/proposicion-para-reclamar-ao-goberno-de-espana-a-transferencias-as-entidades-locais-dos-recursos-derivados-da-participacion-en-ingresos-do-estado\/","url":"https:\/\/www.ppdelugo.com\/es\/proposicion-para-reclamar-ao-goberno-de-espana-a-transferencias-as-entidades-locais-dos-recursos-derivados-da-participacion-en-ingresos-do-estado\/","name":"El Partido Popular critica que el PSOE vote en contra de reclamar a Pedro S\u00e1nchez que pague el dinero que debe a los lucenses - Grupo Municipal Partido Popular de Lugo","isPartOf":{"@id":"https:\/\/www.ppdelugo.com\/es\/#website"},"primaryImageOfPage":{"@id":"https:\/\/www.ppdelugo.com\/es\/proposicion-para-reclamar-ao-goberno-de-espana-a-transferencias-as-entidades-locais-dos-recursos-derivados-da-participacion-en-ingresos-do-estado\/#primaryimage"},"image":{"@id":"https:\/\/www.ppdelugo.com\/es\/proposicion-para-reclamar-ao-goberno-de-espana-a-transferencias-as-entidades-locais-dos-recursos-derivados-da-participacion-en-ingresos-do-estado\/#primaryimage"},"thumbnailUrl":"https:\/\/www.ppdelugo.com\/wp-content\/uploads\/2019\/09\/Foto-Ram\u00f3n.jpg","datePublished":"2019-09-26T08:57:04+00:00","dateModified":"2019-09-26T09:49:47+00:00","author":{"@id":"https:\/\/www.ppdelugo.com\/es\/#\/schema\/person\/4fa17dd371813e2c389a4417775cec48"},"breadcrumb":{"@id":"https:\/\/www.ppdelugo.com\/es\/proposicion-para-reclamar-ao-goberno-de-espana-a-transferencias-as-entidades-locais-dos-recursos-derivados-da-participacion-en-ingresos-do-estado\/#breadcrumb"},"inLanguage":"es","potentialAction":[{"@type":"ReadAction","target":["https:\/\/www.ppdelugo.com\/es\/proposicion-para-reclamar-ao-goberno-de-espana-a-transferencias-as-entidades-locais-dos-recursos-derivados-da-participacion-en-ingresos-do-estado\/"]}]},{"@type":"ImageObject","inLanguage":"es","@id":"https:\/\/www.ppdelugo.com\/es\/proposicion-para-reclamar-ao-goberno-de-espana-a-transferencias-as-entidades-locais-dos-recursos-derivados-da-participacion-en-ingresos-do-estado\/#primaryimage","url":"https:\/\/www.ppdelugo.com\/wp-content\/uploads\/2019\/09\/Foto-Ram\u00f3n.jpg","contentUrl":"https:\/\/www.ppdelugo.com\/wp-content\/uploads\/2019\/09\/Foto-Ram\u00f3n.jpg","width":4000,"height":3000},{"@type":"BreadcrumbList","@id":"https:\/\/www.ppdelugo.com\/es\/proposicion-para-reclamar-ao-goberno-de-espana-a-transferencias-as-entidades-locais-dos-recursos-derivados-da-participacion-en-ingresos-do-estado\/#breadcrumb","itemListElement":[{"@type":"ListItem","position":1,"name":"Portada","item":"https:\/\/www.ppdelugo.com\/es\/"},{"@type":"ListItem","position":2,"name":"El Partido Popular critica que el PSOE vote en contra de reclamar a Pedro S\u00e1nchez que pague el dinero que debe a los lucenses"}]},{"@type":"WebSite","@id":"https:\/\/www.ppdelugo.com\/es\/#website","url":"https:\/\/www.ppdelugo.com\/es\/","name":"Grupo Municipal Partido Popular de Lugo","description":"Web del Grupo Municipal del Partido Popular en el Ayuntamiento de Lugo, con informaci\u00f3n sobre Lugo y fomento de la participaci\u00f3n ciudadana","potentialAction":[{"@type":"SearchAction","target":{"@type":"EntryPoint","urlTemplate":"https:\/\/www.ppdelugo.com\/es\/?s={search_term_string}"},"query-input":{"@type":"PropertyValueSpecification","valueRequired":true,"valueName":"search_term_string"}}],"inLanguage":"es"},{"@type":"Person","@id":"https:\/\/www.ppdelugo.com\/es\/#\/schema\/person\/4fa17dd371813e2c389a4417775cec48","name":"ppdelugo","url":"https:\/\/www.ppdelugo.com\/es\/author\/admin-2\/"}]}},"_links":{"self":[{"href":"https:\/\/www.ppdelugo.com\/es\/wp-json\/wp\/v2\/posts\/10860","targetHints":{"allow":["GET"]}}],"collection":[{"href":"https:\/\/www.ppdelugo.com\/es\/wp-json\/wp\/v2\/posts"}],"about":[{"href":"https:\/\/www.ppdelugo.com\/es\/wp-json\/wp\/v2\/types\/post"}],"author":[{"embeddable":true,"href":"https:\/\/www.ppdelugo.com\/es\/wp-json\/wp\/v2\/users\/8"}],"replies":[{"embeddable":true,"href":"https:\/\/www.ppdelugo.com\/es\/wp-json\/wp\/v2\/comments?post=10860"}],"version-history":[{"count":0,"href":"https:\/\/www.ppdelugo.com\/es\/wp-json\/wp\/v2\/posts\/10860\/revisions"}],"wp:featuredmedia":[{"embeddable":true,"href":"https:\/\/www.ppdelugo.com\/es\/wp-json\/wp\/v2\/media\/10858"}],"wp:attachment":[{"href":"https:\/\/www.ppdelugo.com\/es\/wp-json\/wp\/v2\/media?parent=10860"}],"wp:term":[{"taxonomy":"category","embeddable":true,"href":"https:\/\/www.ppdelugo.com\/es\/wp-json\/wp\/v2\/categories?post=10860"},{"taxonomy":"post_tag","embeddable":true,"href":"https:\/\/www.ppdelugo.com\/es\/wp-json\/wp\/v2\/tags?post=10860"}],"curies":[{"name":"wp","href":"https:\/\/api.w.org\/{rel}","templated":true}]}}