{"id":10773,"date":"2019-09-08T12:05:26","date_gmt":"2019-09-08T12:05:26","guid":{"rendered":"http:\/\/www.ppdelugo.com\/o-pp-desvela-que-lugo-e-a-capital-galega-menos-transparente-incumprindo-os-indicadores-de-plataformas-internacionales\/"},"modified":"2019-09-11T12:11:45","modified_gmt":"2019-09-11T12:11:45","slug":"o-pp-desvela-que-lugo-e-a-capital-galega-menos-transparente-incumprindo-os-indicadores-de-plataformas-internacionales","status":"publish","type":"post","link":"https:\/\/www.ppdelugo.com\/es\/o-pp-desvela-que-lugo-e-a-capital-galega-menos-transparente-incumprindo-os-indicadores-de-plataformas-internacionales\/","title":{"rendered":"El PP desvela que Lugo es la capital gallega menos transparente incumpliendo los indicadores de plataformas internacionales"},"content":{"rendered":"[vc_row type=\u00bbin_container\u00bb full_screen_row_position=\u00bbmiddle\u00bb scene_position=\u00bbcenter\u00bb text_color=\u00bbdark\u00bb text_align=\u00bbleft\u00bb overlay_strength=\u00bb0.3&#8243; shape_divider_position=\u00bbbottom\u00bb][vc_column column_padding=\u00bbno-extra-padding\u00bb column_padding_position=\u00bball\u00bb background_color_opacity=\u00bb1&#8243; background_hover_color_opacity=\u00bb1&#8243; column_link_target=\u00bb_self\u00bb column_shadow=\u00bbnone\u00bb column_border_radius=\u00bbnone\u00bb width=\u00bb1\/1&#8243; tablet_width_inherit=\u00bbdefault\u00bb tablet_text_alignment=\u00bbdefault\u00bb phone_text_alignment=\u00bbdefault\u00bb column_border_width=\u00bbnone\u00bb column_border_style=\u00bbsolid\u00bb][vc_column_text]\u201cLugo es la\u00a0 capital gallega menos transparente y est\u00e1 situada en el puesto 37 de toda Espa\u00f1a incumpliendo el 50% de los indicadores que maneja a plataforma Dyntra\u201d.<\/p>\n<p>Esta situaci\u00f3n se reflicte nos \u00faltimos datos do grao de transparencia correspondentes ao ano 2019 e que foron publicados nos \u00faltimos meses na plataforma colaborativa que traballa na medici\u00f3n e xesti\u00f3n do goberno aberto nas organizaci\u00f3ns e sociedade civil.<\/p>\n<p>Para os populares \u00e9 preocupante que Lugo \u201cnon s\u00f3 sexa a capital galega con peor cualificaci\u00f3n, sen\u00f3n que tam\u00e9n se sit\u00fae no posto 37 das 50 capitais de provincia\u00a0 incumprindo 81 dos 162 indicadores entre os que destacan os relativos \u00e1 planificaci\u00f3n e organizaci\u00f3n, indicadores de urbanismo ou grao de compromiso coa cidadan\u00eda\u201d.<\/p>\n<p>O Partido Popular reclama ao bipartito que se po\u00f1a en marcha e se centre en traballar para mellorar alg\u00fans dos \u00edtems analizados por esta plataforma. \u201cAqu\u00ed sobra as boas palabras e \u00e9 necesario un compromiso forte do goberno local con respecto \u00e1 transparencia, a participaci\u00f3n e o acceso \u00e1 informaci\u00f3n\u201d.<\/p>\n<p>Os populares aseguran que \u00e9 cuesti\u00f3n de vontade pol\u00edtica que cambie esta situaci\u00f3n lembrando que o grupo municipal do PP \u201cxa no ano 2014 presentou un rogo para que se crease un grupo de traballo que se encargase de redactar unha ordenanza municipal que desenvolvese a \u00a0Ley 19\/2013 e, lamentablemente, non se fixo nada. Entrou en vigor a Ley en decembro de 2015 sen que se d\u00e9 ni un s\u00f3 paso en crear esta normativa para garantir o acceso aos cidad\u00e1ns da informaci\u00f3n p\u00fablica\u201d.<\/p>\n<p>Os populares piden que as acci\u00f3ns en materia de transparencia non sexan s\u00f3 papel mollado lembrando como Lugo, pese a formar parte dende o anos 2016 da rede de entidades locais pola transparencia e a participaci\u00f3n cidad\u00e1 non sexa quen de promover pol\u00edticas reais neste eido.<\/p>\n<p>Por todo isto, dende o PP instan a que a maiores de crear esta ordenanza \u00a0se cree un novo \u00f3rgano de \u00a0\u00f3rgano de participaci\u00f3n directa que celebre reuni\u00f3ns mensuais abertas aos cidad\u00e1ns.<\/p>\n<p>Precisamente o grupo municipal do PP suxer\u00eda a constituci\u00f3n deste Comit\u00e9 de Participaci\u00f3n Cidad\u00e1 e de Calidade de servizos no que se poder\u00eda invitar a representantes veci\u00f1ais para que fiscalicen os acordos acadados. Adem\u00e1is das asociaciones veci\u00f1ais, este comit\u00e9 estar\u00e1 formado polo responsable de \u00e1rea de participaci\u00f3n, representantes de todos os partidos da corporaci\u00f3n.<\/p>\n<p>\u201cSe queremos que os cidad\u00e1ns conf\u00eden na administraci\u00f3n m\u00e1is cercana, se queremos que a participaci\u00f3n e a fiscalizaci\u00f3n sexa real hai que seguir avanzando. Queremos que Lugo se salga dos \u00faltimos postos dos informes de transparencia\u201d.[\/vc_column_text][\/vc_column][\/vc_row]\n","protected":false},"excerpt":{"rendered":"<p>[vc_row type=\u00bbin_container\u00bb full_screen_row_position=\u00bbmiddle\u00bb scene_position=\u00bbcenter\u00bb text_color=\u00bbdark\u00bb text_align=\u00bbleft\u00bb overlay_strength=\u00bb0.3&#8243; shape_divider_position=\u00bbbottom\u00bb][vc_column column_padding=\u00bbno-extra-padding\u00bb column_padding_position=\u00bball\u00bb background_color_opacity=\u00bb1&#8243; background_hover_color_opacity=\u00bb1&#8243; column_link_target=\u00bb_self\u00bb column_shadow=\u00bbnone\u00bb column_border_radius=\u00bbnone\u00bb width=\u00bb1\/1&#8243; tablet_width_inherit=\u00bbdefault\u00bb tablet_text_alignment=\u00bbdefault\u00bb phone_text_alignment=\u00bbdefault\u00bb column_border_width=\u00bbnone\u00bb column_border_style=\u00bbsolid\u00bb][vc_column_text]\u201cLugo es la\u00a0 capital gallega menos transparente y est\u00e1 situada&#8230;<\/p>\n","protected":false},"author":8,"featured_media":8954,"comment_status":"open","ping_status":"closed","sticky":false,"template":"","format":"standard","meta":{"footnotes":""},"categories":[39],"tags":[],"class_list":{"0":"post-10773","1":"post","2":"type-post","3":"status-publish","4":"format-standard","5":"has-post-thumbnail","7":"category-transparencia-es"},"yoast_head":"<!-- This site is optimized with the Yoast SEO plugin v27.4 - https:\/\/yoast.com\/product\/yoast-seo-wordpress\/ -->\n<title>El PP desvela que Lugo es la capital gallega menos transparente incumpliendo los indicadores de plataformas internacionales - Grupo Municipal Partido Popular de Lugo<\/title>\n<meta name=\"robots\" content=\"index, follow, max-snippet:-1, max-image-preview:large, max-video-preview:-1\" \/>\n<link rel=\"canonical\" href=\"https:\/\/www.ppdelugo.com\/es\/o-pp-desvela-que-lugo-e-a-capital-galega-menos-transparente-incumprindo-os-indicadores-de-plataformas-internacionales\/\" \/>\n<meta property=\"og:locale\" content=\"es_ES\" \/>\n<meta property=\"og:type\" content=\"article\" \/>\n<meta property=\"og:title\" content=\"El PP desvela que Lugo es la capital gallega menos transparente incumpliendo los indicadores de plataformas internacionales - Grupo Municipal Partido Popular de Lugo\" \/>\n<meta property=\"og:description\" content=\"[vc_row type=\u00bbin_container\u00bb full_screen_row_position=\u00bbmiddle\u00bb scene_position=\u00bbcenter\u00bb text_color=\u00bbdark\u00bb text_align=\u00bbleft\u00bb overlay_strength=\u00bb0.3&#8243; shape_divider_position=\u00bbbottom\u00bb][vc_column column_padding=\u00bbno-extra-padding\u00bb column_padding_position=\u00bball\u00bb background_color_opacity=\u00bb1&#8243; background_hover_color_opacity=\u00bb1&#8243; column_link_target=\u00bb_self\u00bb column_shadow=\u00bbnone\u00bb column_border_radius=\u00bbnone\u00bb width=\u00bb1\/1&#8243; tablet_width_inherit=\u00bbdefault\u00bb tablet_text_alignment=\u00bbdefault\u00bb phone_text_alignment=\u00bbdefault\u00bb column_border_width=\u00bbnone\u00bb column_border_style=\u00bbsolid\u00bb][vc_column_text]\u201cLugo es la\u00a0 capital gallega menos transparente y est\u00e1 situada...\" \/>\n<meta property=\"og:url\" content=\"https:\/\/www.ppdelugo.com\/es\/o-pp-desvela-que-lugo-e-a-capital-galega-menos-transparente-incumprindo-os-indicadores-de-plataformas-internacionales\/\" \/>\n<meta property=\"og:site_name\" content=\"Grupo Municipal Partido Popular de Lugo\" \/>\n<meta property=\"article:published_time\" content=\"2019-09-08T12:05:26+00:00\" \/>\n<meta property=\"article:modified_time\" content=\"2019-09-11T12:11:45+00:00\" \/>\n<meta property=\"og:image\" content=\"https:\/\/www.ppdelugo.com\/wp-content\/uploads\/2016\/11\/Fachada-concello-1024x768.jpg\" \/>\n\t<meta property=\"og:image:width\" content=\"1024\" \/>\n\t<meta property=\"og:image:height\" content=\"768\" \/>\n\t<meta property=\"og:image:type\" content=\"image\/jpeg\" \/>\n<meta name=\"author\" content=\"ppdelugo\" \/>\n<meta name=\"twitter:card\" content=\"summary_large_image\" \/>\n<meta name=\"twitter:label1\" content=\"Escrito por\" \/>\n\t<meta name=\"twitter:data1\" content=\"ppdelugo\" \/>\n\t<meta name=\"twitter:label2\" content=\"Tiempo de lectura\" \/>\n\t<meta name=\"twitter:data2\" content=\"3 minutos\" \/>\n<script type=\"application\/ld+json\" class=\"yoast-schema-graph\">{\"@context\":\"https:\\\/\\\/schema.org\",\"@graph\":[{\"@type\":\"Article\",\"@id\":\"https:\\\/\\\/www.ppdelugo.com\\\/es\\\/o-pp-desvela-que-lugo-e-a-capital-galega-menos-transparente-incumprindo-os-indicadores-de-plataformas-internacionales\\\/#article\",\"isPartOf\":{\"@id\":\"https:\\\/\\\/www.ppdelugo.com\\\/es\\\/o-pp-desvela-que-lugo-e-a-capital-galega-menos-transparente-incumprindo-os-indicadores-de-plataformas-internacionales\\\/\"},\"author\":{\"name\":\"ppdelugo\",\"@id\":\"https:\\\/\\\/www.ppdelugo.com\\\/es\\\/#\\\/schema\\\/person\\\/4fa17dd371813e2c389a4417775cec48\"},\"headline\":\"El PP desvela que Lugo es la capital gallega menos transparente incumpliendo los indicadores de plataformas internacionales\",\"datePublished\":\"2019-09-08T12:05:26+00:00\",\"dateModified\":\"2019-09-11T12:11:45+00:00\",\"mainEntityOfPage\":{\"@id\":\"https:\\\/\\\/www.ppdelugo.com\\\/es\\\/o-pp-desvela-que-lugo-e-a-capital-galega-menos-transparente-incumprindo-os-indicadores-de-plataformas-internacionales\\\/\"},\"wordCount\":548,\"commentCount\":0,\"image\":{\"@id\":\"https:\\\/\\\/www.ppdelugo.com\\\/es\\\/o-pp-desvela-que-lugo-e-a-capital-galega-menos-transparente-incumprindo-os-indicadores-de-plataformas-internacionales\\\/#primaryimage\"},\"thumbnailUrl\":\"https:\\\/\\\/www.ppdelugo.com\\\/wp-content\\\/uploads\\\/2016\\\/11\\\/Fachada-concello.jpg\",\"articleSection\":[\"transparencia\"],\"inLanguage\":\"es\",\"potentialAction\":[{\"@type\":\"CommentAction\",\"name\":\"Comment\",\"target\":[\"https:\\\/\\\/www.ppdelugo.com\\\/es\\\/o-pp-desvela-que-lugo-e-a-capital-galega-menos-transparente-incumprindo-os-indicadores-de-plataformas-internacionales\\\/#respond\"]}]},{\"@type\":\"WebPage\",\"@id\":\"https:\\\/\\\/www.ppdelugo.com\\\/es\\\/o-pp-desvela-que-lugo-e-a-capital-galega-menos-transparente-incumprindo-os-indicadores-de-plataformas-internacionales\\\/\",\"url\":\"https:\\\/\\\/www.ppdelugo.com\\\/es\\\/o-pp-desvela-que-lugo-e-a-capital-galega-menos-transparente-incumprindo-os-indicadores-de-plataformas-internacionales\\\/\",\"name\":\"El PP desvela que Lugo es la capital gallega menos transparente incumpliendo los indicadores de plataformas internacionales - Grupo Municipal Partido Popular de Lugo\",\"isPartOf\":{\"@id\":\"https:\\\/\\\/www.ppdelugo.com\\\/es\\\/#website\"},\"primaryImageOfPage\":{\"@id\":\"https:\\\/\\\/www.ppdelugo.com\\\/es\\\/o-pp-desvela-que-lugo-e-a-capital-galega-menos-transparente-incumprindo-os-indicadores-de-plataformas-internacionales\\\/#primaryimage\"},\"image\":{\"@id\":\"https:\\\/\\\/www.ppdelugo.com\\\/es\\\/o-pp-desvela-que-lugo-e-a-capital-galega-menos-transparente-incumprindo-os-indicadores-de-plataformas-internacionales\\\/#primaryimage\"},\"thumbnailUrl\":\"https:\\\/\\\/www.ppdelugo.com\\\/wp-content\\\/uploads\\\/2016\\\/11\\\/Fachada-concello.jpg\",\"datePublished\":\"2019-09-08T12:05:26+00:00\",\"dateModified\":\"2019-09-11T12:11:45+00:00\",\"author\":{\"@id\":\"https:\\\/\\\/www.ppdelugo.com\\\/es\\\/#\\\/schema\\\/person\\\/4fa17dd371813e2c389a4417775cec48\"},\"breadcrumb\":{\"@id\":\"https:\\\/\\\/www.ppdelugo.com\\\/es\\\/o-pp-desvela-que-lugo-e-a-capital-galega-menos-transparente-incumprindo-os-indicadores-de-plataformas-internacionales\\\/#breadcrumb\"},\"inLanguage\":\"es\",\"potentialAction\":[{\"@type\":\"ReadAction\",\"target\":[\"https:\\\/\\\/www.ppdelugo.com\\\/es\\\/o-pp-desvela-que-lugo-e-a-capital-galega-menos-transparente-incumprindo-os-indicadores-de-plataformas-internacionales\\\/\"]}]},{\"@type\":\"ImageObject\",\"inLanguage\":\"es\",\"@id\":\"https:\\\/\\\/www.ppdelugo.com\\\/es\\\/o-pp-desvela-que-lugo-e-a-capital-galega-menos-transparente-incumprindo-os-indicadores-de-plataformas-internacionales\\\/#primaryimage\",\"url\":\"https:\\\/\\\/www.ppdelugo.com\\\/wp-content\\\/uploads\\\/2016\\\/11\\\/Fachada-concello.jpg\",\"contentUrl\":\"https:\\\/\\\/www.ppdelugo.com\\\/wp-content\\\/uploads\\\/2016\\\/11\\\/Fachada-concello.jpg\",\"width\":3648,\"height\":2736},{\"@type\":\"BreadcrumbList\",\"@id\":\"https:\\\/\\\/www.ppdelugo.com\\\/es\\\/o-pp-desvela-que-lugo-e-a-capital-galega-menos-transparente-incumprindo-os-indicadores-de-plataformas-internacionales\\\/#breadcrumb\",\"itemListElement\":[{\"@type\":\"ListItem\",\"position\":1,\"name\":\"Portada\",\"item\":\"https:\\\/\\\/www.ppdelugo.com\\\/es\\\/\"},{\"@type\":\"ListItem\",\"position\":2,\"name\":\"El PP desvela que Lugo es la capital gallega menos transparente incumpliendo los indicadores de plataformas internacionales\"}]},{\"@type\":\"WebSite\",\"@id\":\"https:\\\/\\\/www.ppdelugo.com\\\/es\\\/#website\",\"url\":\"https:\\\/\\\/www.ppdelugo.com\\\/es\\\/\",\"name\":\"Grupo Municipal Partido Popular de Lugo\",\"description\":\"Web del Grupo Municipal del Partido Popular en el Ayuntamiento de Lugo, con informaci\u00f3n sobre Lugo y fomento de la participaci\u00f3n ciudadana\",\"potentialAction\":[{\"@type\":\"SearchAction\",\"target\":{\"@type\":\"EntryPoint\",\"urlTemplate\":\"https:\\\/\\\/www.ppdelugo.com\\\/es\\\/?s={search_term_string}\"},\"query-input\":{\"@type\":\"PropertyValueSpecification\",\"valueRequired\":true,\"valueName\":\"search_term_string\"}}],\"inLanguage\":\"es\"},{\"@type\":\"Person\",\"@id\":\"https:\\\/\\\/www.ppdelugo.com\\\/es\\\/#\\\/schema\\\/person\\\/4fa17dd371813e2c389a4417775cec48\",\"name\":\"ppdelugo\",\"url\":\"https:\\\/\\\/www.ppdelugo.com\\\/es\\\/author\\\/admin-2\\\/\"}]}<\/script>\n<!-- \/ Yoast SEO plugin. -->","yoast_head_json":{"title":"El PP desvela que Lugo es la capital gallega menos transparente incumpliendo los indicadores de plataformas internacionales - Grupo Municipal Partido Popular de Lugo","robots":{"index":"index","follow":"follow","max-snippet":"max-snippet:-1","max-image-preview":"max-image-preview:large","max-video-preview":"max-video-preview:-1"},"canonical":"https:\/\/www.ppdelugo.com\/es\/o-pp-desvela-que-lugo-e-a-capital-galega-menos-transparente-incumprindo-os-indicadores-de-plataformas-internacionales\/","og_locale":"es_ES","og_type":"article","og_title":"El PP desvela que Lugo es la capital gallega menos transparente incumpliendo los indicadores de plataformas internacionales - Grupo Municipal Partido Popular de Lugo","og_description":"[vc_row type=\u00bbin_container\u00bb full_screen_row_position=\u00bbmiddle\u00bb scene_position=\u00bbcenter\u00bb text_color=\u00bbdark\u00bb text_align=\u00bbleft\u00bb overlay_strength=\u00bb0.3&#8243; shape_divider_position=\u00bbbottom\u00bb][vc_column column_padding=\u00bbno-extra-padding\u00bb column_padding_position=\u00bball\u00bb background_color_opacity=\u00bb1&#8243; background_hover_color_opacity=\u00bb1&#8243; column_link_target=\u00bb_self\u00bb column_shadow=\u00bbnone\u00bb column_border_radius=\u00bbnone\u00bb width=\u00bb1\/1&#8243; tablet_width_inherit=\u00bbdefault\u00bb tablet_text_alignment=\u00bbdefault\u00bb phone_text_alignment=\u00bbdefault\u00bb column_border_width=\u00bbnone\u00bb column_border_style=\u00bbsolid\u00bb][vc_column_text]\u201cLugo es la\u00a0 capital gallega menos transparente y est\u00e1 situada...","og_url":"https:\/\/www.ppdelugo.com\/es\/o-pp-desvela-que-lugo-e-a-capital-galega-menos-transparente-incumprindo-os-indicadores-de-plataformas-internacionales\/","og_site_name":"Grupo Municipal Partido Popular de Lugo","article_published_time":"2019-09-08T12:05:26+00:00","article_modified_time":"2019-09-11T12:11:45+00:00","og_image":[{"width":1024,"height":768,"url":"https:\/\/www.ppdelugo.com\/wp-content\/uploads\/2016\/11\/Fachada-concello-1024x768.jpg","type":"image\/jpeg"}],"author":"ppdelugo","twitter_card":"summary_large_image","twitter_misc":{"Escrito por":"ppdelugo","Tiempo de lectura":"3 minutos"},"schema":{"@context":"https:\/\/schema.org","@graph":[{"@type":"Article","@id":"https:\/\/www.ppdelugo.com\/es\/o-pp-desvela-que-lugo-e-a-capital-galega-menos-transparente-incumprindo-os-indicadores-de-plataformas-internacionales\/#article","isPartOf":{"@id":"https:\/\/www.ppdelugo.com\/es\/o-pp-desvela-que-lugo-e-a-capital-galega-menos-transparente-incumprindo-os-indicadores-de-plataformas-internacionales\/"},"author":{"name":"ppdelugo","@id":"https:\/\/www.ppdelugo.com\/es\/#\/schema\/person\/4fa17dd371813e2c389a4417775cec48"},"headline":"El PP desvela que Lugo es la capital gallega menos transparente incumpliendo los indicadores de plataformas internacionales","datePublished":"2019-09-08T12:05:26+00:00","dateModified":"2019-09-11T12:11:45+00:00","mainEntityOfPage":{"@id":"https:\/\/www.ppdelugo.com\/es\/o-pp-desvela-que-lugo-e-a-capital-galega-menos-transparente-incumprindo-os-indicadores-de-plataformas-internacionales\/"},"wordCount":548,"commentCount":0,"image":{"@id":"https:\/\/www.ppdelugo.com\/es\/o-pp-desvela-que-lugo-e-a-capital-galega-menos-transparente-incumprindo-os-indicadores-de-plataformas-internacionales\/#primaryimage"},"thumbnailUrl":"https:\/\/www.ppdelugo.com\/wp-content\/uploads\/2016\/11\/Fachada-concello.jpg","articleSection":["transparencia"],"inLanguage":"es","potentialAction":[{"@type":"CommentAction","name":"Comment","target":["https:\/\/www.ppdelugo.com\/es\/o-pp-desvela-que-lugo-e-a-capital-galega-menos-transparente-incumprindo-os-indicadores-de-plataformas-internacionales\/#respond"]}]},{"@type":"WebPage","@id":"https:\/\/www.ppdelugo.com\/es\/o-pp-desvela-que-lugo-e-a-capital-galega-menos-transparente-incumprindo-os-indicadores-de-plataformas-internacionales\/","url":"https:\/\/www.ppdelugo.com\/es\/o-pp-desvela-que-lugo-e-a-capital-galega-menos-transparente-incumprindo-os-indicadores-de-plataformas-internacionales\/","name":"El PP desvela que Lugo es la capital gallega menos transparente incumpliendo los indicadores de plataformas internacionales - Grupo Municipal Partido Popular de Lugo","isPartOf":{"@id":"https:\/\/www.ppdelugo.com\/es\/#website"},"primaryImageOfPage":{"@id":"https:\/\/www.ppdelugo.com\/es\/o-pp-desvela-que-lugo-e-a-capital-galega-menos-transparente-incumprindo-os-indicadores-de-plataformas-internacionales\/#primaryimage"},"image":{"@id":"https:\/\/www.ppdelugo.com\/es\/o-pp-desvela-que-lugo-e-a-capital-galega-menos-transparente-incumprindo-os-indicadores-de-plataformas-internacionales\/#primaryimage"},"thumbnailUrl":"https:\/\/www.ppdelugo.com\/wp-content\/uploads\/2016\/11\/Fachada-concello.jpg","datePublished":"2019-09-08T12:05:26+00:00","dateModified":"2019-09-11T12:11:45+00:00","author":{"@id":"https:\/\/www.ppdelugo.com\/es\/#\/schema\/person\/4fa17dd371813e2c389a4417775cec48"},"breadcrumb":{"@id":"https:\/\/www.ppdelugo.com\/es\/o-pp-desvela-que-lugo-e-a-capital-galega-menos-transparente-incumprindo-os-indicadores-de-plataformas-internacionales\/#breadcrumb"},"inLanguage":"es","potentialAction":[{"@type":"ReadAction","target":["https:\/\/www.ppdelugo.com\/es\/o-pp-desvela-que-lugo-e-a-capital-galega-menos-transparente-incumprindo-os-indicadores-de-plataformas-internacionales\/"]}]},{"@type":"ImageObject","inLanguage":"es","@id":"https:\/\/www.ppdelugo.com\/es\/o-pp-desvela-que-lugo-e-a-capital-galega-menos-transparente-incumprindo-os-indicadores-de-plataformas-internacionales\/#primaryimage","url":"https:\/\/www.ppdelugo.com\/wp-content\/uploads\/2016\/11\/Fachada-concello.jpg","contentUrl":"https:\/\/www.ppdelugo.com\/wp-content\/uploads\/2016\/11\/Fachada-concello.jpg","width":3648,"height":2736},{"@type":"BreadcrumbList","@id":"https:\/\/www.ppdelugo.com\/es\/o-pp-desvela-que-lugo-e-a-capital-galega-menos-transparente-incumprindo-os-indicadores-de-plataformas-internacionales\/#breadcrumb","itemListElement":[{"@type":"ListItem","position":1,"name":"Portada","item":"https:\/\/www.ppdelugo.com\/es\/"},{"@type":"ListItem","position":2,"name":"El PP desvela que Lugo es la capital gallega menos transparente incumpliendo los indicadores de plataformas internacionales"}]},{"@type":"WebSite","@id":"https:\/\/www.ppdelugo.com\/es\/#website","url":"https:\/\/www.ppdelugo.com\/es\/","name":"Grupo Municipal Partido Popular de Lugo","description":"Web del Grupo Municipal del Partido Popular en el Ayuntamiento de Lugo, con informaci\u00f3n sobre Lugo y fomento de la participaci\u00f3n ciudadana","potentialAction":[{"@type":"SearchAction","target":{"@type":"EntryPoint","urlTemplate":"https:\/\/www.ppdelugo.com\/es\/?s={search_term_string}"},"query-input":{"@type":"PropertyValueSpecification","valueRequired":true,"valueName":"search_term_string"}}],"inLanguage":"es"},{"@type":"Person","@id":"https:\/\/www.ppdelugo.com\/es\/#\/schema\/person\/4fa17dd371813e2c389a4417775cec48","name":"ppdelugo","url":"https:\/\/www.ppdelugo.com\/es\/author\/admin-2\/"}]}},"_links":{"self":[{"href":"https:\/\/www.ppdelugo.com\/es\/wp-json\/wp\/v2\/posts\/10773","targetHints":{"allow":["GET"]}}],"collection":[{"href":"https:\/\/www.ppdelugo.com\/es\/wp-json\/wp\/v2\/posts"}],"about":[{"href":"https:\/\/www.ppdelugo.com\/es\/wp-json\/wp\/v2\/types\/post"}],"author":[{"embeddable":true,"href":"https:\/\/www.ppdelugo.com\/es\/wp-json\/wp\/v2\/users\/8"}],"replies":[{"embeddable":true,"href":"https:\/\/www.ppdelugo.com\/es\/wp-json\/wp\/v2\/comments?post=10773"}],"version-history":[{"count":0,"href":"https:\/\/www.ppdelugo.com\/es\/wp-json\/wp\/v2\/posts\/10773\/revisions"}],"wp:featuredmedia":[{"embeddable":true,"href":"https:\/\/www.ppdelugo.com\/es\/wp-json\/wp\/v2\/media\/8954"}],"wp:attachment":[{"href":"https:\/\/www.ppdelugo.com\/es\/wp-json\/wp\/v2\/media?parent=10773"}],"wp:term":[{"taxonomy":"category","embeddable":true,"href":"https:\/\/www.ppdelugo.com\/es\/wp-json\/wp\/v2\/categories?post=10773"},{"taxonomy":"post_tag","embeddable":true,"href":"https:\/\/www.ppdelugo.com\/es\/wp-json\/wp\/v2\/tags?post=10773"}],"curies":[{"name":"wp","href":"https:\/\/api.w.org\/{rel}","templated":true}]}}