{"id":10642,"date":"2019-08-18T07:34:03","date_gmt":"2019-08-18T07:34:03","guid":{"rendered":"http:\/\/www.ppdelugo.com\/?p=10642"},"modified":"2019-08-20T07:36:09","modified_gmt":"2019-08-20T07:36:09","slug":"el-pp-exige-al-gobierno-local-el-arreglo-inmediato-del-paseo-del-mino-para-evitar-calquer-peligro-a-los-ciudadanos","status":"publish","type":"post","link":"https:\/\/www.ppdelugo.com\/es\/el-pp-exige-al-gobierno-local-el-arreglo-inmediato-del-paseo-del-mino-para-evitar-calquer-peligro-a-los-ciudadanos\/","title":{"rendered":"El PP exige al gobierno local el arreglo inmediato del paseo del Mi\u00f1o para evitar calquer peligro a los ciudadanos"},"content":{"rendered":"<p>El Grupo Municipal del Partido Popular denuncia el \u201clamentable estado\u201d en el que se encuentra el paseo del Mi\u00f1o, sobre todo a su paso a un lado del Balneario, una zona muy deteriorada y que puede suponer un grave peligro para la integridad de los cientos de lucenses y turistas que a diario pasan por esta zona<\/p>\n<p><!--more--><\/p>\n<p>O Grupo Municipal do Partido Popular no Concello de Lugo denuncia o \u201clamentable estado\u201d no que se atopa o paseo do Mi\u00f1o, sobre todo ao seu paso polo Balneario de Lugo, unha v\u00eda que empregan a diario centos de lucenses e turistas para pasear ou facer deporte e que sup\u00f3n un grave perigo para a integridade das persoas.<\/p>\n<p>Os populares explican que hai anos que o goberno local \u201cnon se preocupa nin o m\u00e1is m\u00ednimo\u201d polo estado desta v\u00eda, polo que a imaxe que da \u201c\u00e9 lamentable\u201d. O cami\u00f1o est\u00e1 desfeito e hai que se agarda por alg\u00fan tipo de arranxo, \u201cactuaci\u00f3n que nunca chega\u201d. <\/p>\n<p>O deterioro vai en aumento co paso das semanas, xa que \u00e1s inclemencias meteorol\u00f3xicas do outono e o inverno hai que sumar que son centos os lucenses que empregan esta zona para facer deporte, polo que \u00e9 normal o seu deterioro. \u201cO problema chegar\u00e1 cando algu\u00e9n se faga dano de verdade porque no estado que se atopa so \u00e9 cuesti\u00f3n de tempo que te\u00f1amos que lamentar alg\u00fan accidente\u201d, explican.<\/p>\n<p>Por iso, dende o Grupo Municipal Popular esixen ao goberno bipartito \u201cunha actuaci\u00f3n inmediata\u201d nesta zona para evitar calquer perigo \u00e1 cidadan\u00eda e, sobre todo, para po\u00f1er en valor unha zona de gran beleza e as\u00ed comezar a dar ao r\u00edo a importancia que realmente ten.<\/p>\n","protected":false},"excerpt":{"rendered":"<p>El Grupo Municipal del Partido Popular denuncia el \u201clamentable estado\u201d en el que se encuentra el paseo del Mi\u00f1o, sobre todo a su paso a un lado del Balneario, una&#8230;<\/p>\n","protected":false},"author":8,"featured_media":10640,"comment_status":"open","ping_status":"closed","sticky":false,"template":"","format":"standard","meta":{"footnotes":""},"categories":[32,33],"tags":[],"class_list":{"0":"post-10642","1":"post","2":"type-post","3":"status-publish","4":"format-standard","5":"has-post-thumbnail","7":"category-infraestructuras-es","8":"category-medioambiente"},"yoast_head":"<!-- This site is optimized with the Yoast SEO plugin v27.4 - https:\/\/yoast.com\/product\/yoast-seo-wordpress\/ -->\n<title>El PP exige al gobierno local el arreglo inmediato del paseo del Mi\u00f1o para evitar calquer peligro a los ciudadanos - Grupo Municipal Partido Popular de Lugo<\/title>\n<meta name=\"robots\" content=\"index, follow, max-snippet:-1, max-image-preview:large, max-video-preview:-1\" \/>\n<link rel=\"canonical\" href=\"https:\/\/www.ppdelugo.com\/es\/el-pp-exige-al-gobierno-local-el-arreglo-inmediato-del-paseo-del-mino-para-evitar-calquer-peligro-a-los-ciudadanos\/\" \/>\n<meta property=\"og:locale\" content=\"es_ES\" \/>\n<meta property=\"og:type\" content=\"article\" \/>\n<meta property=\"og:title\" content=\"El PP exige al gobierno local el arreglo inmediato del paseo del Mi\u00f1o para evitar calquer peligro a los ciudadanos - Grupo Municipal Partido Popular de Lugo\" \/>\n<meta property=\"og:description\" content=\"El Grupo Municipal del Partido Popular denuncia el \u201clamentable estado\u201d en el que se encuentra el paseo del Mi\u00f1o, sobre todo a su paso a un lado del Balneario, una...\" \/>\n<meta property=\"og:url\" content=\"https:\/\/www.ppdelugo.com\/es\/el-pp-exige-al-gobierno-local-el-arreglo-inmediato-del-paseo-del-mino-para-evitar-calquer-peligro-a-los-ciudadanos\/\" \/>\n<meta property=\"og:site_name\" content=\"Grupo Municipal Partido Popular de Lugo\" \/>\n<meta property=\"article:published_time\" content=\"2019-08-18T07:34:03+00:00\" \/>\n<meta property=\"article:modified_time\" content=\"2019-08-20T07:36:09+00:00\" \/>\n<meta property=\"og:image\" content=\"https:\/\/www.ppdelugo.com\/wp-content\/uploads\/2019\/08\/Paseo-Mi\u00f1o-roto-Balneario.jpg\" \/>\n\t<meta property=\"og:image:width\" content=\"1200\" \/>\n\t<meta property=\"og:image:height\" content=\"1473\" \/>\n\t<meta property=\"og:image:type\" content=\"image\/jpeg\" \/>\n<meta name=\"author\" content=\"ppdelugo\" \/>\n<meta name=\"twitter:card\" content=\"summary_large_image\" \/>\n<meta name=\"twitter:label1\" content=\"Escrito por\" \/>\n\t<meta name=\"twitter:data1\" content=\"ppdelugo\" \/>\n\t<meta name=\"twitter:label2\" content=\"Tiempo de lectura\" \/>\n\t<meta name=\"twitter:data2\" content=\"1 minuto\" \/>\n<script type=\"application\/ld+json\" class=\"yoast-schema-graph\">{\"@context\":\"https:\\\/\\\/schema.org\",\"@graph\":[{\"@type\":\"Article\",\"@id\":\"https:\\\/\\\/www.ppdelugo.com\\\/es\\\/el-pp-exige-al-gobierno-local-el-arreglo-inmediato-del-paseo-del-mino-para-evitar-calquer-peligro-a-los-ciudadanos\\\/#article\",\"isPartOf\":{\"@id\":\"https:\\\/\\\/www.ppdelugo.com\\\/es\\\/el-pp-exige-al-gobierno-local-el-arreglo-inmediato-del-paseo-del-mino-para-evitar-calquer-peligro-a-los-ciudadanos\\\/\"},\"author\":{\"name\":\"ppdelugo\",\"@id\":\"https:\\\/\\\/www.ppdelugo.com\\\/es\\\/#\\\/schema\\\/person\\\/4fa17dd371813e2c389a4417775cec48\"},\"headline\":\"El PP exige al gobierno local el arreglo inmediato del paseo del Mi\u00f1o para evitar calquer peligro a los ciudadanos\",\"datePublished\":\"2019-08-18T07:34:03+00:00\",\"dateModified\":\"2019-08-20T07:36:09+00:00\",\"mainEntityOfPage\":{\"@id\":\"https:\\\/\\\/www.ppdelugo.com\\\/es\\\/el-pp-exige-al-gobierno-local-el-arreglo-inmediato-del-paseo-del-mino-para-evitar-calquer-peligro-a-los-ciudadanos\\\/\"},\"wordCount\":313,\"commentCount\":0,\"image\":{\"@id\":\"https:\\\/\\\/www.ppdelugo.com\\\/es\\\/el-pp-exige-al-gobierno-local-el-arreglo-inmediato-del-paseo-del-mino-para-evitar-calquer-peligro-a-los-ciudadanos\\\/#primaryimage\"},\"thumbnailUrl\":\"https:\\\/\\\/www.ppdelugo.com\\\/wp-content\\\/uploads\\\/2019\\\/08\\\/Paseo-Mi\u00f1o-roto-Balneario.jpg\",\"articleSection\":[\"Infraestructuras\",\"Medio Ambiente\"],\"inLanguage\":\"es\",\"potentialAction\":[{\"@type\":\"CommentAction\",\"name\":\"Comment\",\"target\":[\"https:\\\/\\\/www.ppdelugo.com\\\/es\\\/el-pp-exige-al-gobierno-local-el-arreglo-inmediato-del-paseo-del-mino-para-evitar-calquer-peligro-a-los-ciudadanos\\\/#respond\"]}]},{\"@type\":\"WebPage\",\"@id\":\"https:\\\/\\\/www.ppdelugo.com\\\/es\\\/el-pp-exige-al-gobierno-local-el-arreglo-inmediato-del-paseo-del-mino-para-evitar-calquer-peligro-a-los-ciudadanos\\\/\",\"url\":\"https:\\\/\\\/www.ppdelugo.com\\\/es\\\/el-pp-exige-al-gobierno-local-el-arreglo-inmediato-del-paseo-del-mino-para-evitar-calquer-peligro-a-los-ciudadanos\\\/\",\"name\":\"El PP exige al gobierno local el arreglo inmediato del paseo del Mi\u00f1o para evitar calquer peligro a los ciudadanos - Grupo Municipal Partido Popular de Lugo\",\"isPartOf\":{\"@id\":\"https:\\\/\\\/www.ppdelugo.com\\\/es\\\/#website\"},\"primaryImageOfPage\":{\"@id\":\"https:\\\/\\\/www.ppdelugo.com\\\/es\\\/el-pp-exige-al-gobierno-local-el-arreglo-inmediato-del-paseo-del-mino-para-evitar-calquer-peligro-a-los-ciudadanos\\\/#primaryimage\"},\"image\":{\"@id\":\"https:\\\/\\\/www.ppdelugo.com\\\/es\\\/el-pp-exige-al-gobierno-local-el-arreglo-inmediato-del-paseo-del-mino-para-evitar-calquer-peligro-a-los-ciudadanos\\\/#primaryimage\"},\"thumbnailUrl\":\"https:\\\/\\\/www.ppdelugo.com\\\/wp-content\\\/uploads\\\/2019\\\/08\\\/Paseo-Mi\u00f1o-roto-Balneario.jpg\",\"datePublished\":\"2019-08-18T07:34:03+00:00\",\"dateModified\":\"2019-08-20T07:36:09+00:00\",\"author\":{\"@id\":\"https:\\\/\\\/www.ppdelugo.com\\\/es\\\/#\\\/schema\\\/person\\\/4fa17dd371813e2c389a4417775cec48\"},\"breadcrumb\":{\"@id\":\"https:\\\/\\\/www.ppdelugo.com\\\/es\\\/el-pp-exige-al-gobierno-local-el-arreglo-inmediato-del-paseo-del-mino-para-evitar-calquer-peligro-a-los-ciudadanos\\\/#breadcrumb\"},\"inLanguage\":\"es\",\"potentialAction\":[{\"@type\":\"ReadAction\",\"target\":[\"https:\\\/\\\/www.ppdelugo.com\\\/es\\\/el-pp-exige-al-gobierno-local-el-arreglo-inmediato-del-paseo-del-mino-para-evitar-calquer-peligro-a-los-ciudadanos\\\/\"]}]},{\"@type\":\"ImageObject\",\"inLanguage\":\"es\",\"@id\":\"https:\\\/\\\/www.ppdelugo.com\\\/es\\\/el-pp-exige-al-gobierno-local-el-arreglo-inmediato-del-paseo-del-mino-para-evitar-calquer-peligro-a-los-ciudadanos\\\/#primaryimage\",\"url\":\"https:\\\/\\\/www.ppdelugo.com\\\/wp-content\\\/uploads\\\/2019\\\/08\\\/Paseo-Mi\u00f1o-roto-Balneario.jpg\",\"contentUrl\":\"https:\\\/\\\/www.ppdelugo.com\\\/wp-content\\\/uploads\\\/2019\\\/08\\\/Paseo-Mi\u00f1o-roto-Balneario.jpg\",\"width\":1200,\"height\":1473},{\"@type\":\"BreadcrumbList\",\"@id\":\"https:\\\/\\\/www.ppdelugo.com\\\/es\\\/el-pp-exige-al-gobierno-local-el-arreglo-inmediato-del-paseo-del-mino-para-evitar-calquer-peligro-a-los-ciudadanos\\\/#breadcrumb\",\"itemListElement\":[{\"@type\":\"ListItem\",\"position\":1,\"name\":\"Portada\",\"item\":\"https:\\\/\\\/www.ppdelugo.com\\\/es\\\/\"},{\"@type\":\"ListItem\",\"position\":2,\"name\":\"El PP exige al gobierno local el arreglo inmediato del paseo del Mi\u00f1o para evitar calquer peligro a los ciudadanos\"}]},{\"@type\":\"WebSite\",\"@id\":\"https:\\\/\\\/www.ppdelugo.com\\\/es\\\/#website\",\"url\":\"https:\\\/\\\/www.ppdelugo.com\\\/es\\\/\",\"name\":\"Grupo Municipal Partido Popular de Lugo\",\"description\":\"Web del Grupo Municipal del Partido Popular en el Ayuntamiento de Lugo, con informaci\u00f3n sobre Lugo y fomento de la participaci\u00f3n ciudadana\",\"potentialAction\":[{\"@type\":\"SearchAction\",\"target\":{\"@type\":\"EntryPoint\",\"urlTemplate\":\"https:\\\/\\\/www.ppdelugo.com\\\/es\\\/?s={search_term_string}\"},\"query-input\":{\"@type\":\"PropertyValueSpecification\",\"valueRequired\":true,\"valueName\":\"search_term_string\"}}],\"inLanguage\":\"es\"},{\"@type\":\"Person\",\"@id\":\"https:\\\/\\\/www.ppdelugo.com\\\/es\\\/#\\\/schema\\\/person\\\/4fa17dd371813e2c389a4417775cec48\",\"name\":\"ppdelugo\",\"url\":\"https:\\\/\\\/www.ppdelugo.com\\\/es\\\/author\\\/admin-2\\\/\"}]}<\/script>\n<!-- \/ Yoast SEO plugin. -->","yoast_head_json":{"title":"El PP exige al gobierno local el arreglo inmediato del paseo del Mi\u00f1o para evitar calquer peligro a los ciudadanos - Grupo Municipal Partido Popular de Lugo","robots":{"index":"index","follow":"follow","max-snippet":"max-snippet:-1","max-image-preview":"max-image-preview:large","max-video-preview":"max-video-preview:-1"},"canonical":"https:\/\/www.ppdelugo.com\/es\/el-pp-exige-al-gobierno-local-el-arreglo-inmediato-del-paseo-del-mino-para-evitar-calquer-peligro-a-los-ciudadanos\/","og_locale":"es_ES","og_type":"article","og_title":"El PP exige al gobierno local el arreglo inmediato del paseo del Mi\u00f1o para evitar calquer peligro a los ciudadanos - Grupo Municipal Partido Popular de Lugo","og_description":"El Grupo Municipal del Partido Popular denuncia el \u201clamentable estado\u201d en el que se encuentra el paseo del Mi\u00f1o, sobre todo a su paso a un lado del Balneario, una...","og_url":"https:\/\/www.ppdelugo.com\/es\/el-pp-exige-al-gobierno-local-el-arreglo-inmediato-del-paseo-del-mino-para-evitar-calquer-peligro-a-los-ciudadanos\/","og_site_name":"Grupo Municipal Partido Popular de Lugo","article_published_time":"2019-08-18T07:34:03+00:00","article_modified_time":"2019-08-20T07:36:09+00:00","og_image":[{"width":1200,"height":1473,"url":"https:\/\/www.ppdelugo.com\/wp-content\/uploads\/2019\/08\/Paseo-Mi\u00f1o-roto-Balneario.jpg","type":"image\/jpeg"}],"author":"ppdelugo","twitter_card":"summary_large_image","twitter_misc":{"Escrito por":"ppdelugo","Tiempo de lectura":"1 minuto"},"schema":{"@context":"https:\/\/schema.org","@graph":[{"@type":"Article","@id":"https:\/\/www.ppdelugo.com\/es\/el-pp-exige-al-gobierno-local-el-arreglo-inmediato-del-paseo-del-mino-para-evitar-calquer-peligro-a-los-ciudadanos\/#article","isPartOf":{"@id":"https:\/\/www.ppdelugo.com\/es\/el-pp-exige-al-gobierno-local-el-arreglo-inmediato-del-paseo-del-mino-para-evitar-calquer-peligro-a-los-ciudadanos\/"},"author":{"name":"ppdelugo","@id":"https:\/\/www.ppdelugo.com\/es\/#\/schema\/person\/4fa17dd371813e2c389a4417775cec48"},"headline":"El PP exige al gobierno local el arreglo inmediato del paseo del Mi\u00f1o para evitar calquer peligro a los ciudadanos","datePublished":"2019-08-18T07:34:03+00:00","dateModified":"2019-08-20T07:36:09+00:00","mainEntityOfPage":{"@id":"https:\/\/www.ppdelugo.com\/es\/el-pp-exige-al-gobierno-local-el-arreglo-inmediato-del-paseo-del-mino-para-evitar-calquer-peligro-a-los-ciudadanos\/"},"wordCount":313,"commentCount":0,"image":{"@id":"https:\/\/www.ppdelugo.com\/es\/el-pp-exige-al-gobierno-local-el-arreglo-inmediato-del-paseo-del-mino-para-evitar-calquer-peligro-a-los-ciudadanos\/#primaryimage"},"thumbnailUrl":"https:\/\/www.ppdelugo.com\/wp-content\/uploads\/2019\/08\/Paseo-Mi\u00f1o-roto-Balneario.jpg","articleSection":["Infraestructuras","Medio Ambiente"],"inLanguage":"es","potentialAction":[{"@type":"CommentAction","name":"Comment","target":["https:\/\/www.ppdelugo.com\/es\/el-pp-exige-al-gobierno-local-el-arreglo-inmediato-del-paseo-del-mino-para-evitar-calquer-peligro-a-los-ciudadanos\/#respond"]}]},{"@type":"WebPage","@id":"https:\/\/www.ppdelugo.com\/es\/el-pp-exige-al-gobierno-local-el-arreglo-inmediato-del-paseo-del-mino-para-evitar-calquer-peligro-a-los-ciudadanos\/","url":"https:\/\/www.ppdelugo.com\/es\/el-pp-exige-al-gobierno-local-el-arreglo-inmediato-del-paseo-del-mino-para-evitar-calquer-peligro-a-los-ciudadanos\/","name":"El PP exige al gobierno local el arreglo inmediato del paseo del Mi\u00f1o para evitar calquer peligro a los ciudadanos - Grupo Municipal Partido Popular de Lugo","isPartOf":{"@id":"https:\/\/www.ppdelugo.com\/es\/#website"},"primaryImageOfPage":{"@id":"https:\/\/www.ppdelugo.com\/es\/el-pp-exige-al-gobierno-local-el-arreglo-inmediato-del-paseo-del-mino-para-evitar-calquer-peligro-a-los-ciudadanos\/#primaryimage"},"image":{"@id":"https:\/\/www.ppdelugo.com\/es\/el-pp-exige-al-gobierno-local-el-arreglo-inmediato-del-paseo-del-mino-para-evitar-calquer-peligro-a-los-ciudadanos\/#primaryimage"},"thumbnailUrl":"https:\/\/www.ppdelugo.com\/wp-content\/uploads\/2019\/08\/Paseo-Mi\u00f1o-roto-Balneario.jpg","datePublished":"2019-08-18T07:34:03+00:00","dateModified":"2019-08-20T07:36:09+00:00","author":{"@id":"https:\/\/www.ppdelugo.com\/es\/#\/schema\/person\/4fa17dd371813e2c389a4417775cec48"},"breadcrumb":{"@id":"https:\/\/www.ppdelugo.com\/es\/el-pp-exige-al-gobierno-local-el-arreglo-inmediato-del-paseo-del-mino-para-evitar-calquer-peligro-a-los-ciudadanos\/#breadcrumb"},"inLanguage":"es","potentialAction":[{"@type":"ReadAction","target":["https:\/\/www.ppdelugo.com\/es\/el-pp-exige-al-gobierno-local-el-arreglo-inmediato-del-paseo-del-mino-para-evitar-calquer-peligro-a-los-ciudadanos\/"]}]},{"@type":"ImageObject","inLanguage":"es","@id":"https:\/\/www.ppdelugo.com\/es\/el-pp-exige-al-gobierno-local-el-arreglo-inmediato-del-paseo-del-mino-para-evitar-calquer-peligro-a-los-ciudadanos\/#primaryimage","url":"https:\/\/www.ppdelugo.com\/wp-content\/uploads\/2019\/08\/Paseo-Mi\u00f1o-roto-Balneario.jpg","contentUrl":"https:\/\/www.ppdelugo.com\/wp-content\/uploads\/2019\/08\/Paseo-Mi\u00f1o-roto-Balneario.jpg","width":1200,"height":1473},{"@type":"BreadcrumbList","@id":"https:\/\/www.ppdelugo.com\/es\/el-pp-exige-al-gobierno-local-el-arreglo-inmediato-del-paseo-del-mino-para-evitar-calquer-peligro-a-los-ciudadanos\/#breadcrumb","itemListElement":[{"@type":"ListItem","position":1,"name":"Portada","item":"https:\/\/www.ppdelugo.com\/es\/"},{"@type":"ListItem","position":2,"name":"El PP exige al gobierno local el arreglo inmediato del paseo del Mi\u00f1o para evitar calquer peligro a los ciudadanos"}]},{"@type":"WebSite","@id":"https:\/\/www.ppdelugo.com\/es\/#website","url":"https:\/\/www.ppdelugo.com\/es\/","name":"Grupo Municipal Partido Popular de Lugo","description":"Web del Grupo Municipal del Partido Popular en el Ayuntamiento de Lugo, con informaci\u00f3n sobre Lugo y fomento de la participaci\u00f3n ciudadana","potentialAction":[{"@type":"SearchAction","target":{"@type":"EntryPoint","urlTemplate":"https:\/\/www.ppdelugo.com\/es\/?s={search_term_string}"},"query-input":{"@type":"PropertyValueSpecification","valueRequired":true,"valueName":"search_term_string"}}],"inLanguage":"es"},{"@type":"Person","@id":"https:\/\/www.ppdelugo.com\/es\/#\/schema\/person\/4fa17dd371813e2c389a4417775cec48","name":"ppdelugo","url":"https:\/\/www.ppdelugo.com\/es\/author\/admin-2\/"}]}},"_links":{"self":[{"href":"https:\/\/www.ppdelugo.com\/es\/wp-json\/wp\/v2\/posts\/10642","targetHints":{"allow":["GET"]}}],"collection":[{"href":"https:\/\/www.ppdelugo.com\/es\/wp-json\/wp\/v2\/posts"}],"about":[{"href":"https:\/\/www.ppdelugo.com\/es\/wp-json\/wp\/v2\/types\/post"}],"author":[{"embeddable":true,"href":"https:\/\/www.ppdelugo.com\/es\/wp-json\/wp\/v2\/users\/8"}],"replies":[{"embeddable":true,"href":"https:\/\/www.ppdelugo.com\/es\/wp-json\/wp\/v2\/comments?post=10642"}],"version-history":[{"count":0,"href":"https:\/\/www.ppdelugo.com\/es\/wp-json\/wp\/v2\/posts\/10642\/revisions"}],"wp:featuredmedia":[{"embeddable":true,"href":"https:\/\/www.ppdelugo.com\/es\/wp-json\/wp\/v2\/media\/10640"}],"wp:attachment":[{"href":"https:\/\/www.ppdelugo.com\/es\/wp-json\/wp\/v2\/media?parent=10642"}],"wp:term":[{"taxonomy":"category","embeddable":true,"href":"https:\/\/www.ppdelugo.com\/es\/wp-json\/wp\/v2\/categories?post=10642"},{"taxonomy":"post_tag","embeddable":true,"href":"https:\/\/www.ppdelugo.com\/es\/wp-json\/wp\/v2\/tags?post=10642"}],"curies":[{"name":"wp","href":"https:\/\/api.w.org\/{rel}","templated":true}]}}