{"id":10543,"date":"2019-08-03T09:18:34","date_gmt":"2019-08-03T09:18:34","guid":{"rendered":"http:\/\/www.ppdelugo.com\/?p=10543"},"modified":"2019-08-06T09:22:19","modified_gmt":"2019-08-06T09:22:19","slug":"el-gmpp-propone-que-el-nuevo-modelo-de-transporte-urbano-contemple-su-llegada-a-santa-comba","status":"publish","type":"post","link":"https:\/\/www.ppdelugo.com\/es\/el-gmpp-propone-que-el-nuevo-modelo-de-transporte-urbano-contemple-su-llegada-a-santa-comba\/","title":{"rendered":"El GMPP propone que el nuevo modelo de transporte urbano contemple su llegada a Santa Comba"},"content":{"rendered":"<p>El concejal del Grupo Municipal del PP Manuel L\u00f3pez explica que en la actualidad el bus urbano llega hasta la entrada de  Tablicia, donde de la la vuelta, dejando as\u00ed de lado a la parroquia de Santa Comba, en la que residen 255 vecinos<\/p>\n<p><!--more--><\/p>\n<p>O concelleiro do Grupo Municipal do Partido Popular no Concello de Lugo,  Manuel L\u00f3pez prop\u00f3n ao concelleiro de mobilidade, Rub\u00e9n Arroxo, que valore a posibilidade de ampliar a ruta da li\u00f1a 11D, que na actualidade chega ata a entrada de Tablicia, para poder dar unha soluci\u00f3n aos 255 veci\u00f1os de Santa Comba, que nalg\u00fan caso te\u00f1en a parada actual a m\u00e1is de 2 quil\u00f3metros das s\u00faas casas.<\/p>\n<p>Manuel L\u00f3pez explica que esta modificaci\u00f3n non supor\u00eda un gran cambio para a li\u00f1a, pero si para os veci\u00f1os de Santa Comba, que ver\u00edan como o bus chega moito m\u00e1is cerca do que o te\u00f1en na actualidade. Para iso, o concelleiro popular sinala que na parroquia xa hai unha marquesi\u00f1a de bus abandonada, polo que \u201climp\u00e1ndoa e acondicion\u00e1ndoa\u201d se dar\u00eda servizo aos veci\u00f1os desta parroquia. Ademais, neste punto hai espazo suficiente para que o transporte urbano poida dar a volta sen problemas.<\/p>\n<p>Un exemplo gr\u00e1fico do que supor\u00eda esta modificaci\u00f3n para os veci\u00f1os de Santa Comba \u00e9 que moitos deles ga\u00f1ar\u00edan moito tempo, xa que a maior parte deles te\u00f1en a parada a m\u00e1is de 2 quil\u00f3metros das s\u00faas casas, como poden ser os veci\u00f1os de Teigueselle, por exemplo. \u201cCoa distancia que te\u00f1en que cami\u00f1ar hoxe en d\u00eda, nos meses de ver\u00e1n fan unha ruta cardiosaudable, mentres que nos meses de inverno fan a ruta da pulmon\u00eda, polo que falamos dunha mellora considerable\u201d, finalizou.<\/p>\n","protected":false},"excerpt":{"rendered":"<p>El concejal del Grupo Municipal del PP Manuel L\u00f3pez explica que en la actualidad el bus urbano llega hasta la entrada de Tablicia, donde de la la vuelta, dejando as\u00ed&#8230;<\/p>\n","protected":false},"author":8,"featured_media":10540,"comment_status":"open","ping_status":"closed","sticky":false,"template":"","format":"standard","meta":{"footnotes":""},"categories":[40,44],"tags":[],"class_list":{"0":"post-10543","1":"post","2":"type-post","3":"status-publish","4":"format-standard","5":"has-post-thumbnail","7":"category-transporte-urbano-es","8":"category-zona-rural-es"},"yoast_head":"<!-- This site is optimized with the Yoast SEO plugin v27.5 - https:\/\/yoast.com\/product\/yoast-seo-wordpress\/ -->\n<title>El GMPP propone que el nuevo modelo de transporte urbano contemple su llegada a Santa Comba - Grupo Municipal Partido Popular de Lugo<\/title>\n<meta name=\"robots\" content=\"index, follow, max-snippet:-1, max-image-preview:large, max-video-preview:-1\" \/>\n<link rel=\"canonical\" href=\"https:\/\/www.ppdelugo.com\/es\/el-gmpp-propone-que-el-nuevo-modelo-de-transporte-urbano-contemple-su-llegada-a-santa-comba\/\" \/>\n<meta property=\"og:locale\" content=\"es_ES\" \/>\n<meta property=\"og:type\" content=\"article\" \/>\n<meta property=\"og:title\" content=\"El GMPP propone que el nuevo modelo de transporte urbano contemple su llegada a Santa Comba - Grupo Municipal Partido Popular de Lugo\" \/>\n<meta property=\"og:description\" content=\"El concejal del Grupo Municipal del PP Manuel L\u00f3pez explica que en la actualidad el bus urbano llega hasta la entrada de Tablicia, donde de la la vuelta, dejando as\u00ed...\" \/>\n<meta property=\"og:url\" content=\"https:\/\/www.ppdelugo.com\/es\/el-gmpp-propone-que-el-nuevo-modelo-de-transporte-urbano-contemple-su-llegada-a-santa-comba\/\" \/>\n<meta property=\"og:site_name\" content=\"Grupo Municipal Partido Popular de Lugo\" \/>\n<meta property=\"article:published_time\" content=\"2019-08-03T09:18:34+00:00\" \/>\n<meta property=\"article:modified_time\" content=\"2019-08-06T09:22:19+00:00\" \/>\n<meta property=\"og:image\" content=\"https:\/\/www.ppdelugo.com\/wp-content\/uploads\/2019\/08\/Marquesina-bus-Santa-Comba-1024x768.jpg\" \/>\n\t<meta property=\"og:image:width\" content=\"1024\" \/>\n\t<meta property=\"og:image:height\" content=\"768\" \/>\n\t<meta property=\"og:image:type\" content=\"image\/jpeg\" \/>\n<meta name=\"author\" content=\"ppdelugo\" \/>\n<meta name=\"twitter:card\" content=\"summary_large_image\" \/>\n<meta name=\"twitter:label1\" content=\"Escrito por\" \/>\n\t<meta name=\"twitter:data1\" content=\"ppdelugo\" \/>\n\t<meta name=\"twitter:label2\" content=\"Tiempo de lectura\" \/>\n\t<meta name=\"twitter:data2\" content=\"2 minutos\" \/>\n<script type=\"application\/ld+json\" class=\"yoast-schema-graph\">{\"@context\":\"https:\\\/\\\/schema.org\",\"@graph\":[{\"@type\":\"Article\",\"@id\":\"https:\\\/\\\/www.ppdelugo.com\\\/es\\\/el-gmpp-propone-que-el-nuevo-modelo-de-transporte-urbano-contemple-su-llegada-a-santa-comba\\\/#article\",\"isPartOf\":{\"@id\":\"https:\\\/\\\/www.ppdelugo.com\\\/es\\\/el-gmpp-propone-que-el-nuevo-modelo-de-transporte-urbano-contemple-su-llegada-a-santa-comba\\\/\"},\"author\":{\"name\":\"ppdelugo\",\"@id\":\"https:\\\/\\\/www.ppdelugo.com\\\/es\\\/#\\\/schema\\\/person\\\/4fa17dd371813e2c389a4417775cec48\"},\"headline\":\"El GMPP propone que el nuevo modelo de transporte urbano contemple su llegada a Santa Comba\",\"datePublished\":\"2019-08-03T09:18:34+00:00\",\"dateModified\":\"2019-08-06T09:22:19+00:00\",\"mainEntityOfPage\":{\"@id\":\"https:\\\/\\\/www.ppdelugo.com\\\/es\\\/el-gmpp-propone-que-el-nuevo-modelo-de-transporte-urbano-contemple-su-llegada-a-santa-comba\\\/\"},\"wordCount\":327,\"commentCount\":0,\"image\":{\"@id\":\"https:\\\/\\\/www.ppdelugo.com\\\/es\\\/el-gmpp-propone-que-el-nuevo-modelo-de-transporte-urbano-contemple-su-llegada-a-santa-comba\\\/#primaryimage\"},\"thumbnailUrl\":\"https:\\\/\\\/www.ppdelugo.com\\\/wp-content\\\/uploads\\\/2019\\\/08\\\/Marquesina-bus-Santa-Comba.jpg\",\"articleSection\":[\"Transporte Urbano\",\"Zona Rural\"],\"inLanguage\":\"es\",\"potentialAction\":[{\"@type\":\"CommentAction\",\"name\":\"Comment\",\"target\":[\"https:\\\/\\\/www.ppdelugo.com\\\/es\\\/el-gmpp-propone-que-el-nuevo-modelo-de-transporte-urbano-contemple-su-llegada-a-santa-comba\\\/#respond\"]}]},{\"@type\":\"WebPage\",\"@id\":\"https:\\\/\\\/www.ppdelugo.com\\\/es\\\/el-gmpp-propone-que-el-nuevo-modelo-de-transporte-urbano-contemple-su-llegada-a-santa-comba\\\/\",\"url\":\"https:\\\/\\\/www.ppdelugo.com\\\/es\\\/el-gmpp-propone-que-el-nuevo-modelo-de-transporte-urbano-contemple-su-llegada-a-santa-comba\\\/\",\"name\":\"El GMPP propone que el nuevo modelo de transporte urbano contemple su llegada a Santa Comba - Grupo Municipal Partido Popular de Lugo\",\"isPartOf\":{\"@id\":\"https:\\\/\\\/www.ppdelugo.com\\\/es\\\/#website\"},\"primaryImageOfPage\":{\"@id\":\"https:\\\/\\\/www.ppdelugo.com\\\/es\\\/el-gmpp-propone-que-el-nuevo-modelo-de-transporte-urbano-contemple-su-llegada-a-santa-comba\\\/#primaryimage\"},\"image\":{\"@id\":\"https:\\\/\\\/www.ppdelugo.com\\\/es\\\/el-gmpp-propone-que-el-nuevo-modelo-de-transporte-urbano-contemple-su-llegada-a-santa-comba\\\/#primaryimage\"},\"thumbnailUrl\":\"https:\\\/\\\/www.ppdelugo.com\\\/wp-content\\\/uploads\\\/2019\\\/08\\\/Marquesina-bus-Santa-Comba.jpg\",\"datePublished\":\"2019-08-03T09:18:34+00:00\",\"dateModified\":\"2019-08-06T09:22:19+00:00\",\"author\":{\"@id\":\"https:\\\/\\\/www.ppdelugo.com\\\/es\\\/#\\\/schema\\\/person\\\/4fa17dd371813e2c389a4417775cec48\"},\"breadcrumb\":{\"@id\":\"https:\\\/\\\/www.ppdelugo.com\\\/es\\\/el-gmpp-propone-que-el-nuevo-modelo-de-transporte-urbano-contemple-su-llegada-a-santa-comba\\\/#breadcrumb\"},\"inLanguage\":\"es\",\"potentialAction\":[{\"@type\":\"ReadAction\",\"target\":[\"https:\\\/\\\/www.ppdelugo.com\\\/es\\\/el-gmpp-propone-que-el-nuevo-modelo-de-transporte-urbano-contemple-su-llegada-a-santa-comba\\\/\"]}]},{\"@type\":\"ImageObject\",\"inLanguage\":\"es\",\"@id\":\"https:\\\/\\\/www.ppdelugo.com\\\/es\\\/el-gmpp-propone-que-el-nuevo-modelo-de-transporte-urbano-contemple-su-llegada-a-santa-comba\\\/#primaryimage\",\"url\":\"https:\\\/\\\/www.ppdelugo.com\\\/wp-content\\\/uploads\\\/2019\\\/08\\\/Marquesina-bus-Santa-Comba.jpg\",\"contentUrl\":\"https:\\\/\\\/www.ppdelugo.com\\\/wp-content\\\/uploads\\\/2019\\\/08\\\/Marquesina-bus-Santa-Comba.jpg\",\"width\":4032,\"height\":3024},{\"@type\":\"BreadcrumbList\",\"@id\":\"https:\\\/\\\/www.ppdelugo.com\\\/es\\\/el-gmpp-propone-que-el-nuevo-modelo-de-transporte-urbano-contemple-su-llegada-a-santa-comba\\\/#breadcrumb\",\"itemListElement\":[{\"@type\":\"ListItem\",\"position\":1,\"name\":\"Portada\",\"item\":\"https:\\\/\\\/www.ppdelugo.com\\\/es\\\/\"},{\"@type\":\"ListItem\",\"position\":2,\"name\":\"El GMPP propone que el nuevo modelo de transporte urbano contemple su llegada a Santa Comba\"}]},{\"@type\":\"WebSite\",\"@id\":\"https:\\\/\\\/www.ppdelugo.com\\\/es\\\/#website\",\"url\":\"https:\\\/\\\/www.ppdelugo.com\\\/es\\\/\",\"name\":\"Grupo Municipal Partido Popular de Lugo\",\"description\":\"Web del Grupo Municipal del Partido Popular en el Ayuntamiento de Lugo, con informaci\u00f3n sobre Lugo y fomento de la participaci\u00f3n ciudadana\",\"potentialAction\":[{\"@type\":\"SearchAction\",\"target\":{\"@type\":\"EntryPoint\",\"urlTemplate\":\"https:\\\/\\\/www.ppdelugo.com\\\/es\\\/?s={search_term_string}\"},\"query-input\":{\"@type\":\"PropertyValueSpecification\",\"valueRequired\":true,\"valueName\":\"search_term_string\"}}],\"inLanguage\":\"es\"},{\"@type\":\"Person\",\"@id\":\"https:\\\/\\\/www.ppdelugo.com\\\/es\\\/#\\\/schema\\\/person\\\/4fa17dd371813e2c389a4417775cec48\",\"name\":\"ppdelugo\",\"url\":\"https:\\\/\\\/www.ppdelugo.com\\\/es\\\/author\\\/admin-2\\\/\"}]}<\/script>\n<!-- \/ Yoast SEO plugin. -->","yoast_head_json":{"title":"El GMPP propone que el nuevo modelo de transporte urbano contemple su llegada a Santa Comba - Grupo Municipal Partido Popular de Lugo","robots":{"index":"index","follow":"follow","max-snippet":"max-snippet:-1","max-image-preview":"max-image-preview:large","max-video-preview":"max-video-preview:-1"},"canonical":"https:\/\/www.ppdelugo.com\/es\/el-gmpp-propone-que-el-nuevo-modelo-de-transporte-urbano-contemple-su-llegada-a-santa-comba\/","og_locale":"es_ES","og_type":"article","og_title":"El GMPP propone que el nuevo modelo de transporte urbano contemple su llegada a Santa Comba - Grupo Municipal Partido Popular de Lugo","og_description":"El concejal del Grupo Municipal del PP Manuel L\u00f3pez explica que en la actualidad el bus urbano llega hasta la entrada de Tablicia, donde de la la vuelta, dejando as\u00ed...","og_url":"https:\/\/www.ppdelugo.com\/es\/el-gmpp-propone-que-el-nuevo-modelo-de-transporte-urbano-contemple-su-llegada-a-santa-comba\/","og_site_name":"Grupo Municipal Partido Popular de Lugo","article_published_time":"2019-08-03T09:18:34+00:00","article_modified_time":"2019-08-06T09:22:19+00:00","og_image":[{"width":1024,"height":768,"url":"https:\/\/www.ppdelugo.com\/wp-content\/uploads\/2019\/08\/Marquesina-bus-Santa-Comba-1024x768.jpg","type":"image\/jpeg"}],"author":"ppdelugo","twitter_card":"summary_large_image","twitter_misc":{"Escrito por":"ppdelugo","Tiempo de lectura":"2 minutos"},"schema":{"@context":"https:\/\/schema.org","@graph":[{"@type":"Article","@id":"https:\/\/www.ppdelugo.com\/es\/el-gmpp-propone-que-el-nuevo-modelo-de-transporte-urbano-contemple-su-llegada-a-santa-comba\/#article","isPartOf":{"@id":"https:\/\/www.ppdelugo.com\/es\/el-gmpp-propone-que-el-nuevo-modelo-de-transporte-urbano-contemple-su-llegada-a-santa-comba\/"},"author":{"name":"ppdelugo","@id":"https:\/\/www.ppdelugo.com\/es\/#\/schema\/person\/4fa17dd371813e2c389a4417775cec48"},"headline":"El GMPP propone que el nuevo modelo de transporte urbano contemple su llegada a Santa Comba","datePublished":"2019-08-03T09:18:34+00:00","dateModified":"2019-08-06T09:22:19+00:00","mainEntityOfPage":{"@id":"https:\/\/www.ppdelugo.com\/es\/el-gmpp-propone-que-el-nuevo-modelo-de-transporte-urbano-contemple-su-llegada-a-santa-comba\/"},"wordCount":327,"commentCount":0,"image":{"@id":"https:\/\/www.ppdelugo.com\/es\/el-gmpp-propone-que-el-nuevo-modelo-de-transporte-urbano-contemple-su-llegada-a-santa-comba\/#primaryimage"},"thumbnailUrl":"https:\/\/www.ppdelugo.com\/wp-content\/uploads\/2019\/08\/Marquesina-bus-Santa-Comba.jpg","articleSection":["Transporte Urbano","Zona Rural"],"inLanguage":"es","potentialAction":[{"@type":"CommentAction","name":"Comment","target":["https:\/\/www.ppdelugo.com\/es\/el-gmpp-propone-que-el-nuevo-modelo-de-transporte-urbano-contemple-su-llegada-a-santa-comba\/#respond"]}]},{"@type":"WebPage","@id":"https:\/\/www.ppdelugo.com\/es\/el-gmpp-propone-que-el-nuevo-modelo-de-transporte-urbano-contemple-su-llegada-a-santa-comba\/","url":"https:\/\/www.ppdelugo.com\/es\/el-gmpp-propone-que-el-nuevo-modelo-de-transporte-urbano-contemple-su-llegada-a-santa-comba\/","name":"El GMPP propone que el nuevo modelo de transporte urbano contemple su llegada a Santa Comba - Grupo Municipal Partido Popular de Lugo","isPartOf":{"@id":"https:\/\/www.ppdelugo.com\/es\/#website"},"primaryImageOfPage":{"@id":"https:\/\/www.ppdelugo.com\/es\/el-gmpp-propone-que-el-nuevo-modelo-de-transporte-urbano-contemple-su-llegada-a-santa-comba\/#primaryimage"},"image":{"@id":"https:\/\/www.ppdelugo.com\/es\/el-gmpp-propone-que-el-nuevo-modelo-de-transporte-urbano-contemple-su-llegada-a-santa-comba\/#primaryimage"},"thumbnailUrl":"https:\/\/www.ppdelugo.com\/wp-content\/uploads\/2019\/08\/Marquesina-bus-Santa-Comba.jpg","datePublished":"2019-08-03T09:18:34+00:00","dateModified":"2019-08-06T09:22:19+00:00","author":{"@id":"https:\/\/www.ppdelugo.com\/es\/#\/schema\/person\/4fa17dd371813e2c389a4417775cec48"},"breadcrumb":{"@id":"https:\/\/www.ppdelugo.com\/es\/el-gmpp-propone-que-el-nuevo-modelo-de-transporte-urbano-contemple-su-llegada-a-santa-comba\/#breadcrumb"},"inLanguage":"es","potentialAction":[{"@type":"ReadAction","target":["https:\/\/www.ppdelugo.com\/es\/el-gmpp-propone-que-el-nuevo-modelo-de-transporte-urbano-contemple-su-llegada-a-santa-comba\/"]}]},{"@type":"ImageObject","inLanguage":"es","@id":"https:\/\/www.ppdelugo.com\/es\/el-gmpp-propone-que-el-nuevo-modelo-de-transporte-urbano-contemple-su-llegada-a-santa-comba\/#primaryimage","url":"https:\/\/www.ppdelugo.com\/wp-content\/uploads\/2019\/08\/Marquesina-bus-Santa-Comba.jpg","contentUrl":"https:\/\/www.ppdelugo.com\/wp-content\/uploads\/2019\/08\/Marquesina-bus-Santa-Comba.jpg","width":4032,"height":3024},{"@type":"BreadcrumbList","@id":"https:\/\/www.ppdelugo.com\/es\/el-gmpp-propone-que-el-nuevo-modelo-de-transporte-urbano-contemple-su-llegada-a-santa-comba\/#breadcrumb","itemListElement":[{"@type":"ListItem","position":1,"name":"Portada","item":"https:\/\/www.ppdelugo.com\/es\/"},{"@type":"ListItem","position":2,"name":"El GMPP propone que el nuevo modelo de transporte urbano contemple su llegada a Santa Comba"}]},{"@type":"WebSite","@id":"https:\/\/www.ppdelugo.com\/es\/#website","url":"https:\/\/www.ppdelugo.com\/es\/","name":"Grupo Municipal Partido Popular de Lugo","description":"Web del Grupo Municipal del Partido Popular en el Ayuntamiento de Lugo, con informaci\u00f3n sobre Lugo y fomento de la participaci\u00f3n ciudadana","potentialAction":[{"@type":"SearchAction","target":{"@type":"EntryPoint","urlTemplate":"https:\/\/www.ppdelugo.com\/es\/?s={search_term_string}"},"query-input":{"@type":"PropertyValueSpecification","valueRequired":true,"valueName":"search_term_string"}}],"inLanguage":"es"},{"@type":"Person","@id":"https:\/\/www.ppdelugo.com\/es\/#\/schema\/person\/4fa17dd371813e2c389a4417775cec48","name":"ppdelugo","url":"https:\/\/www.ppdelugo.com\/es\/author\/admin-2\/"}]}},"_links":{"self":[{"href":"https:\/\/www.ppdelugo.com\/es\/wp-json\/wp\/v2\/posts\/10543","targetHints":{"allow":["GET"]}}],"collection":[{"href":"https:\/\/www.ppdelugo.com\/es\/wp-json\/wp\/v2\/posts"}],"about":[{"href":"https:\/\/www.ppdelugo.com\/es\/wp-json\/wp\/v2\/types\/post"}],"author":[{"embeddable":true,"href":"https:\/\/www.ppdelugo.com\/es\/wp-json\/wp\/v2\/users\/8"}],"replies":[{"embeddable":true,"href":"https:\/\/www.ppdelugo.com\/es\/wp-json\/wp\/v2\/comments?post=10543"}],"version-history":[{"count":0,"href":"https:\/\/www.ppdelugo.com\/es\/wp-json\/wp\/v2\/posts\/10543\/revisions"}],"wp:featuredmedia":[{"embeddable":true,"href":"https:\/\/www.ppdelugo.com\/es\/wp-json\/wp\/v2\/media\/10540"}],"wp:attachment":[{"href":"https:\/\/www.ppdelugo.com\/es\/wp-json\/wp\/v2\/media?parent=10543"}],"wp:term":[{"taxonomy":"category","embeddable":true,"href":"https:\/\/www.ppdelugo.com\/es\/wp-json\/wp\/v2\/categories?post=10543"},{"taxonomy":"post_tag","embeddable":true,"href":"https:\/\/www.ppdelugo.com\/es\/wp-json\/wp\/v2\/tags?post=10543"}],"curies":[{"name":"wp","href":"https:\/\/api.w.org\/{rel}","templated":true}]}}