{"id":10456,"date":"2019-07-11T08:35:49","date_gmt":"2019-07-11T08:35:49","guid":{"rendered":"http:\/\/www.ppdelugo.com\/?p=10456"},"modified":"2019-07-24T08:39:24","modified_gmt":"2019-07-24T08:39:24","slug":"10456","status":"publish","type":"post","link":"https:\/\/www.ppdelugo.com\/es\/10456\/","title":{"rendered":""},"content":{"rendered":"<p>O concelleiro do Grupo Municipal do Partido Popular no Concello de Lugo, Antonio Ameijide, presentou esta ma\u00f1\u00e1 en rolda de prensa unha nova iniciativa que o seu grupo levar\u00e1 ao pr\u00f3ximo pleno, neste caso, unha iniciativa para garantir a seguridade e a reposici\u00f3n da legalidade no Gara\u00f1\u00f3n.<\/p>\n<p>Antonio Ameijide explicou que hai poucos meses que o Grupo Popular acordou con outros catro grupos, entre eles o BNG, unha proposta para que por parte do Concello de Lugo se iniciara, con medios propios, un estudo de alternativas para a tramitaci\u00f3n da modificaci\u00f3n puntual da Unidade de Actuaci\u00f3n CS-5 na que como criterios prioritarios se fixasen:<\/p>\n<ol>\n<li>A menor incidencia econ\u00f3mica posible para as arcas municipais.<\/li>\n<li>A conversi\u00f3n en zona verde da maior superficie posible.<\/li>\n<li>menor impacto visual da edificabilidade resultante no caso de que esta edificabilidade exista<\/li>\n<\/ol>\n<p>Neste senso, o vicevoceiro popular explicou que \u201cimaxinamos que o BNG apoiar\u00e1 de novo a proposta\u201d porque non ter\u00eda sentido que hai meses o fixese e agora, por formar parte do goberno local, \u201ccambiase de postura, porque o \u00fanico que significar\u00eda iso \u00e9 que seguen sendo unicamente as muletas do PSOE, meros t\u00edteres pol\u00edticos en mans dos socialistas\u201d.<\/p>\n<p>Antonio Ameijide puxo sobre a mesa que \u201cLugo e os lucenses non podemos esperar m\u00e1is\u201d para que se cumpra a sentenza do TSXG, que data xa do ano 2016. sobre todo, tendo en conta as noticias que todos puidemos ver nos medios de comunicaci\u00f3n nos \u00faltimos d\u00edas, \u201cnas que se fac\u00eda referencia \u00e1 falta de seguridade neste edificio en construci\u00f3n\u201d.<\/p>\n<p>Por iso mesmo, o concelleiro popular sinala que os lucenses \u201cnon podemos agardar m\u00e1is\u201d. \u201cNas condici\u00f3ns que se atopa este edificio, inacabado, \u00e9 un grave perigo para calquer persoa que entre xa que hai zonas sen pechar que son un risco\u201d, explicou.<\/p>\n<p>Neste senso, un dos puntos de acordo da proposta presentada polo Grupo Municipal Popular vai encami\u00f1ada a solicitar ao goberno local que se extremen as medidas de seguridade e vixilancia, algo para o que \u00e9 preciso adoptar as medidas oportunas para evitar que se acceda ao edifico do Gara\u00f1\u00f3n onde con frecuencia se detecta a presenza de persoas no interior.<\/p>\n<p>A iniciativa do Grupo Municipal Popular tam\u00e9n solicita a recuperaci\u00f3n da Comisi\u00f3n Especial do Gara\u00f1\u00f3n, e a s\u00faa convocatoria inmediata, co \u00e1nimo de que se dea conta da situaci\u00f3n actual do Gara\u00f1\u00f3n e as\u00ed, entre todos os grupos, dar cumprimento do acordo do pleno con data 29 de novembro de 2018 no que se acordou \u201ciniciar, con medios propios, un estudo de alternativas para a tramitaci\u00f3n da modificaci\u00f3n puntual da CS-5 (URPI 58 no PXOM) na que como criterios prioritarios\u00a0 se fixen: a menor incidencia econ\u00f3mica posible para as arcas municipais; a conversi\u00f3n en zona verde da maior superficie posible; o menor impacto visual da edificabilidade resultante, no caso de que esta edificabilidade exista\u201d.<\/p>\n","protected":false},"excerpt":{"rendered":"<p>O concelleiro do Grupo Municipal do Partido Popular no Concello de Lugo, Antonio Ameijide, presentou esta ma\u00f1\u00e1 en rolda de prensa unha nova iniciativa que o seu grupo levar\u00e1 ao&#8230;<\/p>\n","protected":false},"author":8,"featured_media":10455,"comment_status":"open","ping_status":"closed","sticky":false,"template":"","format":"standard","meta":{"footnotes":""},"categories":[42],"tags":[],"class_list":{"0":"post-10456","1":"post","2":"type-post","3":"status-publish","4":"format-standard","5":"has-post-thumbnail","7":"category-urbanismo-es"},"yoast_head":"<!-- This site is optimized with the Yoast SEO plugin v27.4 - https:\/\/yoast.com\/product\/yoast-seo-wordpress\/ -->\n<title>- Grupo Municipal Partido Popular de Lugo<\/title>\n<meta name=\"robots\" content=\"index, follow, max-snippet:-1, max-image-preview:large, max-video-preview:-1\" \/>\n<link rel=\"canonical\" href=\"https:\/\/www.ppdelugo.com\/es\/10456\/\" \/>\n<meta property=\"og:locale\" content=\"es_ES\" \/>\n<meta property=\"og:type\" content=\"article\" \/>\n<meta property=\"og:title\" content=\"- Grupo Municipal Partido Popular de Lugo\" \/>\n<meta property=\"og:description\" content=\"O concelleiro do Grupo Municipal do Partido Popular no Concello de Lugo, Antonio Ameijide, presentou esta ma\u00f1\u00e1 en rolda de prensa unha nova iniciativa que o seu grupo levar\u00e1 ao...\" \/>\n<meta property=\"og:url\" content=\"https:\/\/www.ppdelugo.com\/es\/10456\/\" \/>\n<meta property=\"og:site_name\" content=\"Grupo Municipal Partido Popular de Lugo\" \/>\n<meta property=\"article:published_time\" content=\"2019-07-11T08:35:49+00:00\" \/>\n<meta property=\"article:modified_time\" content=\"2019-07-24T08:39:24+00:00\" \/>\n<meta property=\"og:image\" content=\"https:\/\/www.ppdelugo.com\/wp-content\/uploads\/2017\/01\/Gara\u00f1\u00f3n.png\" \/>\n\t<meta property=\"og:image:width\" content=\"1568\" \/>\n\t<meta property=\"og:image:height\" content=\"1109\" \/>\n\t<meta property=\"og:image:type\" content=\"image\/png\" \/>\n<meta name=\"author\" content=\"ppdelugo\" \/>\n<meta name=\"twitter:card\" content=\"summary_large_image\" \/>\n<meta name=\"twitter:label1\" content=\"Escrito por\" \/>\n\t<meta name=\"twitter:data1\" content=\"ppdelugo\" \/>\n\t<meta name=\"twitter:label2\" content=\"Tiempo de lectura\" \/>\n\t<meta name=\"twitter:data2\" content=\"2 minutos\" \/>\n<script type=\"application\/ld+json\" class=\"yoast-schema-graph\">{\"@context\":\"https:\\\/\\\/schema.org\",\"@graph\":[{\"@type\":\"Article\",\"@id\":\"https:\\\/\\\/www.ppdelugo.com\\\/es\\\/10456\\\/#article\",\"isPartOf\":{\"@id\":\"https:\\\/\\\/www.ppdelugo.com\\\/es\\\/10456\\\/\"},\"author\":{\"name\":\"ppdelugo\",\"@id\":\"https:\\\/\\\/www.ppdelugo.com\\\/es\\\/#\\\/schema\\\/person\\\/4fa17dd371813e2c389a4417775cec48\"},\"headline\":\"Sin t\u00edtulo\",\"datePublished\":\"2019-07-11T08:35:49+00:00\",\"dateModified\":\"2019-07-24T08:39:24+00:00\",\"mainEntityOfPage\":{\"@id\":\"https:\\\/\\\/www.ppdelugo.com\\\/es\\\/10456\\\/\"},\"wordCount\":493,\"commentCount\":0,\"image\":{\"@id\":\"https:\\\/\\\/www.ppdelugo.com\\\/es\\\/10456\\\/#primaryimage\"},\"thumbnailUrl\":\"https:\\\/\\\/www.ppdelugo.com\\\/wp-content\\\/uploads\\\/2017\\\/01\\\/Gara\u00f1\u00f3n.png\",\"articleSection\":[\"Urbanismo\"],\"inLanguage\":\"es\",\"potentialAction\":[{\"@type\":\"CommentAction\",\"name\":\"Comment\",\"target\":[\"https:\\\/\\\/www.ppdelugo.com\\\/es\\\/10456\\\/#respond\"]}]},{\"@type\":\"WebPage\",\"@id\":\"https:\\\/\\\/www.ppdelugo.com\\\/es\\\/10456\\\/\",\"url\":\"https:\\\/\\\/www.ppdelugo.com\\\/es\\\/10456\\\/\",\"name\":\"- Grupo Municipal Partido Popular de Lugo\",\"isPartOf\":{\"@id\":\"https:\\\/\\\/www.ppdelugo.com\\\/es\\\/#website\"},\"primaryImageOfPage\":{\"@id\":\"https:\\\/\\\/www.ppdelugo.com\\\/es\\\/10456\\\/#primaryimage\"},\"image\":{\"@id\":\"https:\\\/\\\/www.ppdelugo.com\\\/es\\\/10456\\\/#primaryimage\"},\"thumbnailUrl\":\"https:\\\/\\\/www.ppdelugo.com\\\/wp-content\\\/uploads\\\/2017\\\/01\\\/Gara\u00f1\u00f3n.png\",\"datePublished\":\"2019-07-11T08:35:49+00:00\",\"dateModified\":\"2019-07-24T08:39:24+00:00\",\"author\":{\"@id\":\"https:\\\/\\\/www.ppdelugo.com\\\/es\\\/#\\\/schema\\\/person\\\/4fa17dd371813e2c389a4417775cec48\"},\"inLanguage\":\"es\",\"potentialAction\":[{\"@type\":\"ReadAction\",\"target\":[\"https:\\\/\\\/www.ppdelugo.com\\\/es\\\/10456\\\/\"]}]},{\"@type\":\"ImageObject\",\"inLanguage\":\"es\",\"@id\":\"https:\\\/\\\/www.ppdelugo.com\\\/es\\\/10456\\\/#primaryimage\",\"url\":\"https:\\\/\\\/www.ppdelugo.com\\\/wp-content\\\/uploads\\\/2017\\\/01\\\/Gara\u00f1\u00f3n.png\",\"contentUrl\":\"https:\\\/\\\/www.ppdelugo.com\\\/wp-content\\\/uploads\\\/2017\\\/01\\\/Gara\u00f1\u00f3n.png\",\"width\":1568,\"height\":1109},{\"@type\":\"WebSite\",\"@id\":\"https:\\\/\\\/www.ppdelugo.com\\\/es\\\/#website\",\"url\":\"https:\\\/\\\/www.ppdelugo.com\\\/es\\\/\",\"name\":\"Grupo Municipal Partido Popular de Lugo\",\"description\":\"Web del Grupo Municipal del Partido Popular en el Ayuntamiento de Lugo, con informaci\u00f3n sobre Lugo y fomento de la participaci\u00f3n ciudadana\",\"potentialAction\":[{\"@type\":\"SearchAction\",\"target\":{\"@type\":\"EntryPoint\",\"urlTemplate\":\"https:\\\/\\\/www.ppdelugo.com\\\/es\\\/?s={search_term_string}\"},\"query-input\":{\"@type\":\"PropertyValueSpecification\",\"valueRequired\":true,\"valueName\":\"search_term_string\"}}],\"inLanguage\":\"es\"},{\"@type\":\"Person\",\"@id\":\"https:\\\/\\\/www.ppdelugo.com\\\/es\\\/#\\\/schema\\\/person\\\/4fa17dd371813e2c389a4417775cec48\",\"name\":\"ppdelugo\",\"url\":\"https:\\\/\\\/www.ppdelugo.com\\\/es\\\/author\\\/admin-2\\\/\"}]}<\/script>\n<!-- \/ Yoast SEO plugin. -->","yoast_head_json":{"title":"- Grupo Municipal Partido Popular de Lugo","robots":{"index":"index","follow":"follow","max-snippet":"max-snippet:-1","max-image-preview":"max-image-preview:large","max-video-preview":"max-video-preview:-1"},"canonical":"https:\/\/www.ppdelugo.com\/es\/10456\/","og_locale":"es_ES","og_type":"article","og_title":"- Grupo Municipal Partido Popular de Lugo","og_description":"O concelleiro do Grupo Municipal do Partido Popular no Concello de Lugo, Antonio Ameijide, presentou esta ma\u00f1\u00e1 en rolda de prensa unha nova iniciativa que o seu grupo levar\u00e1 ao...","og_url":"https:\/\/www.ppdelugo.com\/es\/10456\/","og_site_name":"Grupo Municipal Partido Popular de Lugo","article_published_time":"2019-07-11T08:35:49+00:00","article_modified_time":"2019-07-24T08:39:24+00:00","og_image":[{"width":1568,"height":1109,"url":"https:\/\/www.ppdelugo.com\/wp-content\/uploads\/2017\/01\/Gara\u00f1\u00f3n.png","type":"image\/png"}],"author":"ppdelugo","twitter_card":"summary_large_image","twitter_misc":{"Escrito por":"ppdelugo","Tiempo de lectura":"2 minutos"},"schema":{"@context":"https:\/\/schema.org","@graph":[{"@type":"Article","@id":"https:\/\/www.ppdelugo.com\/es\/10456\/#article","isPartOf":{"@id":"https:\/\/www.ppdelugo.com\/es\/10456\/"},"author":{"name":"ppdelugo","@id":"https:\/\/www.ppdelugo.com\/es\/#\/schema\/person\/4fa17dd371813e2c389a4417775cec48"},"headline":"Sin t\u00edtulo","datePublished":"2019-07-11T08:35:49+00:00","dateModified":"2019-07-24T08:39:24+00:00","mainEntityOfPage":{"@id":"https:\/\/www.ppdelugo.com\/es\/10456\/"},"wordCount":493,"commentCount":0,"image":{"@id":"https:\/\/www.ppdelugo.com\/es\/10456\/#primaryimage"},"thumbnailUrl":"https:\/\/www.ppdelugo.com\/wp-content\/uploads\/2017\/01\/Gara\u00f1\u00f3n.png","articleSection":["Urbanismo"],"inLanguage":"es","potentialAction":[{"@type":"CommentAction","name":"Comment","target":["https:\/\/www.ppdelugo.com\/es\/10456\/#respond"]}]},{"@type":"WebPage","@id":"https:\/\/www.ppdelugo.com\/es\/10456\/","url":"https:\/\/www.ppdelugo.com\/es\/10456\/","name":"- Grupo Municipal Partido Popular de Lugo","isPartOf":{"@id":"https:\/\/www.ppdelugo.com\/es\/#website"},"primaryImageOfPage":{"@id":"https:\/\/www.ppdelugo.com\/es\/10456\/#primaryimage"},"image":{"@id":"https:\/\/www.ppdelugo.com\/es\/10456\/#primaryimage"},"thumbnailUrl":"https:\/\/www.ppdelugo.com\/wp-content\/uploads\/2017\/01\/Gara\u00f1\u00f3n.png","datePublished":"2019-07-11T08:35:49+00:00","dateModified":"2019-07-24T08:39:24+00:00","author":{"@id":"https:\/\/www.ppdelugo.com\/es\/#\/schema\/person\/4fa17dd371813e2c389a4417775cec48"},"inLanguage":"es","potentialAction":[{"@type":"ReadAction","target":["https:\/\/www.ppdelugo.com\/es\/10456\/"]}]},{"@type":"ImageObject","inLanguage":"es","@id":"https:\/\/www.ppdelugo.com\/es\/10456\/#primaryimage","url":"https:\/\/www.ppdelugo.com\/wp-content\/uploads\/2017\/01\/Gara\u00f1\u00f3n.png","contentUrl":"https:\/\/www.ppdelugo.com\/wp-content\/uploads\/2017\/01\/Gara\u00f1\u00f3n.png","width":1568,"height":1109},{"@type":"WebSite","@id":"https:\/\/www.ppdelugo.com\/es\/#website","url":"https:\/\/www.ppdelugo.com\/es\/","name":"Grupo Municipal Partido Popular de Lugo","description":"Web del Grupo Municipal del Partido Popular en el Ayuntamiento de Lugo, con informaci\u00f3n sobre Lugo y fomento de la participaci\u00f3n ciudadana","potentialAction":[{"@type":"SearchAction","target":{"@type":"EntryPoint","urlTemplate":"https:\/\/www.ppdelugo.com\/es\/?s={search_term_string}"},"query-input":{"@type":"PropertyValueSpecification","valueRequired":true,"valueName":"search_term_string"}}],"inLanguage":"es"},{"@type":"Person","@id":"https:\/\/www.ppdelugo.com\/es\/#\/schema\/person\/4fa17dd371813e2c389a4417775cec48","name":"ppdelugo","url":"https:\/\/www.ppdelugo.com\/es\/author\/admin-2\/"}]}},"_links":{"self":[{"href":"https:\/\/www.ppdelugo.com\/es\/wp-json\/wp\/v2\/posts\/10456","targetHints":{"allow":["GET"]}}],"collection":[{"href":"https:\/\/www.ppdelugo.com\/es\/wp-json\/wp\/v2\/posts"}],"about":[{"href":"https:\/\/www.ppdelugo.com\/es\/wp-json\/wp\/v2\/types\/post"}],"author":[{"embeddable":true,"href":"https:\/\/www.ppdelugo.com\/es\/wp-json\/wp\/v2\/users\/8"}],"replies":[{"embeddable":true,"href":"https:\/\/www.ppdelugo.com\/es\/wp-json\/wp\/v2\/comments?post=10456"}],"version-history":[{"count":0,"href":"https:\/\/www.ppdelugo.com\/es\/wp-json\/wp\/v2\/posts\/10456\/revisions"}],"wp:featuredmedia":[{"embeddable":true,"href":"https:\/\/www.ppdelugo.com\/es\/wp-json\/wp\/v2\/media\/10455"}],"wp:attachment":[{"href":"https:\/\/www.ppdelugo.com\/es\/wp-json\/wp\/v2\/media?parent=10456"}],"wp:term":[{"taxonomy":"category","embeddable":true,"href":"https:\/\/www.ppdelugo.com\/es\/wp-json\/wp\/v2\/categories?post=10456"},{"taxonomy":"post_tag","embeddable":true,"href":"https:\/\/www.ppdelugo.com\/es\/wp-json\/wp\/v2\/tags?post=10456"}],"curies":[{"name":"wp","href":"https:\/\/api.w.org\/{rel}","templated":true}]}}